{"id":6564,"date":"2026-03-09T07:30:58","date_gmt":"2026-03-09T06:30:58","guid":{"rendered":"https:\/\/ville-outreau.fr\/mairie\/?p=6564"},"modified":"2026-03-06T15:38:41","modified_gmt":"2026-03-06T14:38:41","slug":"inscriptions-acm-printemps","status":"publish","type":"post","link":"http:\/\/ville-outreau.fr\/mairie\/inscriptions-acm-printemps\/","title":{"rendered":"Inscriptions ACM printemps"},"content":{"rendered":"<h1><span class=\"x1xsqp64 xiy17q3 x1o6pynw x19co3pv xdj266r xjn30re xat24cr x1hb08if x2b8uid\" data-testid=\"emoji\"><span class=\"xexx8yu xcaqkgz x18d9i69 xbwkkl7 x3jgonx x1bhl96m\">&#x2139;&#xfe0f;<\/span><\/span> Inscriptions aux Accueils Collectifs de Mineurs de printemps<br \/>\n<span class=\"x1xsqp64 xiy17q3 x1o6pynw x19co3pv xdj266r xjn30re xat24cr x1hb08if x2b8uid\" data-testid=\"emoji\"><span class=\"xexx8yu xcaqkgz x18d9i69 xbwkkl7 x3jgonx x1bhl96m\">&#x1f449;<\/span><\/span> Pour les Outrelois : il est obligatoire de prendre un rendez-vous en cliquant sur <span style=\"color: #ff0000;\"><a style=\"color: #ff0000;\" href=\"https:\/\/calendar.app.google\/XE79A176ALxSCtg36\" target=\"_blank\" rel=\"noopener\">https:\/\/calendar.app.google\/XE79A176ALxSCtg36<\/a><\/span>\u00a0afin de choisir un jour d\u2019inscription.<br \/>\n<span class=\"x1xsqp64 xiy17q3 x1o6pynw x19co3pv xdj266r xjn30re xat24cr x1hb08if x2b8uid\" data-testid=\"emoji\"><span class=\"xexx8yu xcaqkgz x18d9i69 xbwkkl7 x3jgonx x1bhl96m\">&#x1f449;<\/span><\/span> Pour les ext\u00e9rieurs : inscription \u00e0 partir du lundi 30 mars 2026 sans rendez-vous de 8h \u00e0 11h45 et de 13h45 \u00e0 17h15<br \/>\n<span class=\"x1xsqp64 xiy17q3 x1o6pynw x19co3pv xdj266r xjn30re xat24cr x1hb08if x2b8uid\" data-testid=\"emoji\"><span class=\"xexx8yu xcaqkgz x18d9i69 xbwkkl7 x3jgonx x1bhl96m\">&#x25b6;&#xfe0f;<\/span><\/span> Renseignements au 03 66 53 00 14<\/h1>\n<p><img fetchpriority=\"high\" decoding=\"async\" class=\"alignnone wp-image-6732\" src=\"http:\/\/ville-outreau.fr\/mairie\/wp-content\/uploads\/2026\/01\/ACM-printemps-ok-300x213.jpg\" alt=\"\" width=\"1251\" height=\"888\" srcset=\"http:\/\/ville-outreau.fr\/mairie\/wp-content\/uploads\/2026\/01\/ACM-printemps-ok-300x213.jpg 300w, http:\/\/ville-outreau.fr\/mairie\/wp-content\/uploads\/2026\/01\/ACM-printemps-ok-1024x726.jpg 1024w, http:\/\/ville-outreau.fr\/mairie\/wp-content\/uploads\/2026\/01\/ACM-printemps-ok-768x545.jpg 768w, http:\/\/ville-outreau.fr\/mairie\/wp-content\/uploads\/2026\/01\/ACM-printemps-ok-1536x1090.jpg 1536w, http:\/\/ville-outreau.fr\/mairie\/wp-content\/uploads\/2026\/01\/ACM-printemps-ok-2048x1453.jpg 2048w\" sizes=\"(max-width: 1251px) 100vw, 1251px\" \/><\/p>\n<h1><span style=\"color: #ff0000;\"><a style=\"color: #ff0000;\" href=\"http:\/\/ville-outreau.fr\/mairie\/wp-content\/uploads\/2026\/01\/ACM-printemps-ok.pdf\" target=\"_blank\" rel=\"noopener\">Version PDF\u00a0<\/a><\/span><\/h1>\n","protected":false},"excerpt":{"rendered":"<p>&#x2139;&#xfe0f; Inscriptions aux Accueils Collectifs de Mineurs de printemps &#x1f449; Pour les Outrelois : il est obligatoire de prendre un rendez-vous en cliquant sur https:\/\/calendar.app.google\/XE79A176ALxSCtg36\u00a0afin de choisir un jour d\u2019inscription. &#x1f449; Pour les ext\u00e9rieurs : inscription \u00e0 partir du lundi 30 mars 2026 sans rendez-vous de 8h \u00e0 11h45 et de 13h45 \u00e0 17h15 &#x25b6;&#xfe0f; [&hellip;]<\/p>\n","protected":false},"author":1,"featured_media":6733,"comment_status":"open","ping_status":"open","sticky":false,"template":"","format":"standard","meta":{"ocean_post_layout":"","ocean_both_sidebars_style":"","ocean_both_sidebars_content_width":0,"ocean_both_sidebars_sidebars_width":0,"ocean_sidebar":"0","ocean_second_sidebar":"0","ocean_disable_margins":"enable","ocean_add_body_class":"","ocean_shortcode_before_top_bar":"","ocean_shortcode_after_top_bar":"","ocean_shortcode_before_header":"","ocean_shortcode_after_header":"","ocean_has_shortcode":"","ocean_shortcode_after_title":"","ocean_shortcode_before_footer_widgets":"","ocean_shortcode_after_footer_widgets":"","ocean_shortcode_before_footer_bottom":"","ocean_shortcode_after_footer_bottom":"","ocean_display_top_bar":"default","ocean_display_header":"default","ocean_header_style":"","ocean_center_header_left_menu":"0","ocean_custom_header_template":"0","ocean_custom_logo":0,"ocean_custom_retina_logo":0,"ocean_custom_logo_max_width":0,"ocean_custom_logo_tablet_max_width":0,"ocean_custom_logo_mobile_max_width":0,"ocean_custom_logo_max_height":0,"ocean_custom_logo_tablet_max_height":0,"ocean_custom_logo_mobile_max_height":0,"ocean_header_custom_menu":"0","ocean_menu_typo_font_family":"0","ocean_menu_typo_font_subset":"","ocean_menu_typo_font_size":0,"ocean_menu_typo_font_size_tablet":0,"ocean_menu_typo_font_size_mobile":0,"ocean_menu_typo_font_size_unit":"px","ocean_menu_typo_font_weight":"","ocean_menu_typo_font_weight_tablet":"","ocean_menu_typo_font_weight_mobile":"","ocean_menu_typo_transform":"","ocean_menu_typo_transform_tablet":"","ocean_menu_typo_transform_mobile":"","ocean_menu_typo_line_height":0,"ocean_menu_typo_line_height_tablet":0,"ocean_menu_typo_line_height_mobile":0,"ocean_menu_typo_line_height_unit":"","ocean_menu_typo_spacing":0,"ocean_menu_typo_spacing_tablet":0,"ocean_menu_typo_spacing_mobile":0,"ocean_menu_typo_spacing_unit":"","ocean_menu_link_color":"","ocean_menu_link_color_hover":"","ocean_menu_link_color_active":"","ocean_menu_link_background":"","ocean_menu_link_hover_background":"","ocean_menu_link_active_background":"","ocean_menu_social_links_bg":"","ocean_menu_social_hover_links_bg":"","ocean_menu_social_links_color":"","ocean_menu_social_hover_links_color":"","ocean_disable_title":"default","ocean_disable_heading":"default","ocean_post_title":"","ocean_post_subheading":"","ocean_post_title_style":"","ocean_post_title_background_color":"","ocean_post_title_background":0,"ocean_post_title_bg_image_position":"","ocean_post_title_bg_image_attachment":"","ocean_post_title_bg_image_repeat":"","ocean_post_title_bg_image_size":"","ocean_post_title_height":0,"ocean_post_title_bg_overlay":0.5,"ocean_post_title_bg_overlay_color":"","ocean_disable_breadcrumbs":"default","ocean_breadcrumbs_color":"","ocean_breadcrumbs_separator_color":"","ocean_breadcrumbs_links_color":"","ocean_breadcrumbs_links_hover_color":"","ocean_display_footer_widgets":"default","ocean_display_footer_bottom":"default","ocean_custom_footer_template":"0","ocean_post_oembed":"","ocean_post_self_hosted_media":"","ocean_post_video_embed":"","ocean_link_format":"","ocean_link_format_target":"self","ocean_quote_format":"","ocean_quote_format_link":"post","ocean_gallery_link_images":"on","ocean_gallery_id":[],"footnotes":""},"categories":[1],"tags":[],"class_list":["post-6564","post","type-post","status-publish","format-standard","has-post-thumbnail","hentry","category-non-classe","entry","has-media"],"_links":{"self":[{"href":"http:\/\/ville-outreau.fr\/mairie\/wp-json\/wp\/v2\/posts\/6564","targetHints":{"allow":["GET"]}}],"collection":[{"href":"http:\/\/ville-outreau.fr\/mairie\/wp-json\/wp\/v2\/posts"}],"about":[{"href":"http:\/\/ville-outreau.fr\/mairie\/wp-json\/wp\/v2\/types\/post"}],"author":[{"embeddable":true,"href":"http:\/\/ville-outreau.fr\/mairie\/wp-json\/wp\/v2\/users\/1"}],"replies":[{"embeddable":true,"href":"http:\/\/ville-outreau.fr\/mairie\/wp-json\/wp\/v2\/comments?post=6564"}],"version-history":[{"count":4,"href":"http:\/\/ville-outreau.fr\/mairie\/wp-json\/wp\/v2\/posts\/6564\/revisions"}],"predecessor-version":[{"id":6569,"href":"http:\/\/ville-outreau.fr\/mairie\/wp-json\/wp\/v2\/posts\/6564\/revisions\/6569"}],"wp:featuredmedia":[{"embeddable":true,"href":"http:\/\/ville-outreau.fr\/mairie\/wp-json\/wp\/v2\/media\/6733"}],"wp:attachment":[{"href":"http:\/\/ville-outreau.fr\/mairie\/wp-json\/wp\/v2\/media?parent=6564"}],"wp:term":[{"taxonomy":"category","embeddable":true,"href":"http:\/\/ville-outreau.fr\/mairie\/wp-json\/wp\/v2\/categories?post=6564"},{"taxonomy":"post_tag","embeddable":true,"href":"http:\/\/ville-outreau.fr\/mairie\/wp-json\/wp\/v2\/tags?post=6564"}],"curies":[{"name":"wp","href":"https:\/\/api.w.org\/{rel}","templated":true}]}}