{"id":799,"date":"2019-12-10T15:00:16","date_gmt":"2019-12-10T14:00:16","guid":{"rendered":"http:\/\/localhost\/projet_2\/?p=799"},"modified":"2021-10-06T10:51:59","modified_gmt":"2021-10-06T08:51:59","slug":"grands-chantiers","status":"publish","type":"post","link":"http:\/\/ville-outreau.fr\/mairie\/grands-chantiers\/","title":{"rendered":"Grands Chantiers"},"content":{"rendered":"\t\t<div data-elementor-type=\"wp-post\" data-elementor-id=\"799\" class=\"elementor elementor-799\">\n\t\t\t\t\t\t\t\t\t<section class=\"elementor-section elementor-top-section elementor-element elementor-element-568e065 elementor-section-boxed elementor-section-height-default elementor-section-height-default\" data-id=\"568e065\" data-element_type=\"section\">\n\t\t\t\t\t\t<div class=\"elementor-container elementor-column-gap-default\">\n\t\t\t\t\t<div class=\"elementor-column elementor-col-100 elementor-top-column elementor-element elementor-element-a860edd\" data-id=\"a860edd\" data-element_type=\"column\">\n\t\t\t<div class=\"elementor-widget-wrap elementor-element-populated\">\n\t\t\t\t\t\t\t\t<div class=\"elementor-element elementor-element-c251737 elementor-widget elementor-widget-spacer\" data-id=\"c251737\" data-element_type=\"widget\" data-widget_type=\"spacer.default\">\n\t\t\t\t<div class=\"elementor-widget-container\">\n\t\t\t\t\t<div class=\"elementor-spacer\">\n\t\t\t<div class=\"elementor-spacer-inner\"><\/div>\n\t\t<\/div>\n\t\t\t\t<\/div>\n\t\t\t\t<\/div>\n\t\t\t\t\t<\/div>\n\t\t<\/div>\n\t\t\t\t\t\t\t<\/div>\n\t\t<\/section>\n\t\t\t\t<section class=\"elementor-section elementor-top-section elementor-element elementor-element-580d24a elementor-section-boxed elementor-section-height-default elementor-section-height-default\" data-id=\"580d24a\" data-element_type=\"section\">\n\t\t\t\t\t\t<div class=\"elementor-container elementor-column-gap-default\">\n\t\t\t\t\t<div class=\"elementor-column elementor-col-100 elementor-top-column elementor-element elementor-element-4f49c4d\" data-id=\"4f49c4d\" data-element_type=\"column\">\n\t\t\t<div class=\"elementor-widget-wrap elementor-element-populated\">\n\t\t\t\t\t\t\t\t<div class=\"elementor-element elementor-element-9e6ff2b elementor-widget elementor-widget-heading\" data-id=\"9e6ff2b\" data-element_type=\"widget\" data-widget_type=\"heading.default\">\n\t\t\t\t<div class=\"elementor-widget-container\">\n\t\t\t<h2 class=\"elementor-heading-title elementor-size-large\">Septembre 2021 : Des citoyens mobilis\u00e9s autour d\u2019un Conseil de   quartier<\/h2>\t\t<\/div>\n\t\t\t\t<\/div>\n\t\t\t\t\t<\/div>\n\t\t<\/div>\n\t\t\t\t\t\t\t<\/div>\n\t\t<\/section>\n\t\t\t\t<section class=\"elementor-section elementor-top-section elementor-element elementor-element-99e3c42 elementor-section-boxed elementor-section-height-default elementor-section-height-default\" data-id=\"99e3c42\" data-element_type=\"section\">\n\t\t\t\t\t\t<div class=\"elementor-container elementor-column-gap-default\">\n\t\t\t\t\t<div class=\"elementor-column elementor-col-100 elementor-top-column elementor-element elementor-element-36f0803\" data-id=\"36f0803\" data-element_type=\"column\">\n\t\t\t<div class=\"elementor-widget-wrap elementor-element-populated\">\n\t\t\t\t\t\t\t\t<div class=\"elementor-element elementor-element-7ce77da elementor-widget elementor-widget-image\" data-id=\"7ce77da\" data-element_type=\"widget\" data-widget_type=\"image.default\">\n\t\t\t\t<div class=\"elementor-widget-container\">\n\t\t\t\t\t\t\t\t\t\t\t\t\t\t\t<img fetchpriority=\"high\" decoding=\"async\" width=\"768\" height=\"515\" src=\"http:\/\/ville-outreau.fr\/mairie\/wp-content\/uploads\/2019\/12\/242024689_610297563472117_2588650265150528700_n-768x515.jpg\" class=\"attachment-medium_large size-medium_large wp-image-3890\" alt=\"\" srcset=\"http:\/\/ville-outreau.fr\/mairie\/wp-content\/uploads\/2019\/12\/242024689_610297563472117_2588650265150528700_n-768x515.jpg 768w, http:\/\/ville-outreau.fr\/mairie\/wp-content\/uploads\/2019\/12\/242024689_610297563472117_2588650265150528700_n-300x201.jpg 300w, http:\/\/ville-outreau.fr\/mairie\/wp-content\/uploads\/2019\/12\/242024689_610297563472117_2588650265150528700_n.jpg 914w\" sizes=\"(max-width: 768px) 100vw, 768px\" \/>\t\t\t\t\t\t\t\t\t\t\t\t\t\t\t<\/div>\n\t\t\t\t<\/div>\n\t\t\t\t\t<\/div>\n\t\t<\/div>\n\t\t\t\t\t\t\t<\/div>\n\t\t<\/section>\n\t\t\t\t<section class=\"elementor-section elementor-top-section elementor-element elementor-element-e083c9e elementor-section-boxed elementor-section-height-default elementor-section-height-default\" data-id=\"e083c9e\" data-element_type=\"section\">\n\t\t\t\t\t\t<div class=\"elementor-container elementor-column-gap-default\">\n\t\t\t\t\t<div class=\"elementor-column elementor-col-100 elementor-top-column elementor-element elementor-element-3cf4888\" data-id=\"3cf4888\" data-element_type=\"column\">\n\t\t\t<div class=\"elementor-widget-wrap elementor-element-populated\">\n\t\t\t\t\t\t\t\t<div class=\"elementor-element elementor-element-b2530ed elementor-widget elementor-widget-text-editor\" data-id=\"b2530ed\" data-element_type=\"widget\" data-widget_type=\"text-editor.default\">\n\t\t\t\t<div class=\"elementor-widget-container\">\n\t\t\t\t\t\t\t<p>Pour impliquer les habitants dans la m\u00e9tamorphose du quartier de la tour du renard, un nouveau conseil citoyen a \u00e9t\u00e9 lanc\u00e9 en mai dernier. Les membres du conseil ont \u00e9t\u00e9 r\u00e9unis le 15 septembre \u00e0 la maison des projets.<\/p><p>Le Conseil citoyen est un organe consultatif qui offre un espace de parole et d\u2019\u00e9changes autour de la vie d\u2019un quartier. Compos\u00e9 d\u2019habitants et d\u2019acteurs professionnels vivant ou impliqu\u00e9s sur le quartier, le conseil citoyen met tout le monde en position d\u2019exprimer ses attentes, sur les sujets qui concernent le quartier et son d\u00e9veloppement.<\/p><p>\u00a0<\/p><p>\u00a0Le Conseil citoyen r\u00e9unit 15 personnes, r\u00e9parties en 2 coll\u00e8ges :<br \/>&#8211; le coll\u00e8ge \u00ab habitants \u00bb, qui repr\u00e9sente la moiti\u00e9 au moins des membres du conseil, en respectant le principe de parit\u00e9 hommes\/femmes. <br \/>&#8211; le coll\u00e8ge \u00ab associations et acteurs locaux \u00bb, qui repr\u00e9sente les associations implant\u00e9es dans le quartier, les acteurs de terrain.<\/p><p>Les membres du Conseil citoyen seront notamment convi\u00e9s \u00e0 des r\u00e9unions mensuelles th\u00e9matiques, seront associ\u00e9s aux choix des actions d\u2019urbanisme et participeront \u00e9galement \u00e0 la d\u00e9finition des espaces publics du quartier. La prochaine grande concertation du Conseil Citoyen concernera la future Maison des Services. Les Conseillers seront amen\u00e9s \u00e0 recenser les besoins des habitants sur l\u2019\u00e9tablissement public qui prendra place au c\u0153ur du quartier. Ils auront un avis consultatif pour le choix de l\u2019architecte.<\/p><p>\u00a0<\/p><p>\u25c6 Adressez vos remarques sur le quartier de la Tour du Renard au Conseil Citoyen par mail \u00e0 l\u2019adresse suivante : <br \/>conseilcitoyen@ville-outreau.fr<\/p>\t\t\t\t\t\t<\/div>\n\t\t\t\t<\/div>\n\t\t\t\t\t<\/div>\n\t\t<\/div>\n\t\t\t\t\t\t\t<\/div>\n\t\t<\/section>\n\t\t\t\t<section class=\"elementor-section elementor-top-section elementor-element elementor-element-06efe1e elementor-section-boxed elementor-section-height-default elementor-section-height-default\" data-id=\"06efe1e\" data-element_type=\"section\">\n\t\t\t\t\t\t<div class=\"elementor-container elementor-column-gap-default\">\n\t\t\t\t\t<div class=\"elementor-column elementor-col-100 elementor-top-column elementor-element elementor-element-83a7edd\" data-id=\"83a7edd\" data-element_type=\"column\">\n\t\t\t<div class=\"elementor-widget-wrap elementor-element-populated\">\n\t\t\t\t\t\t\t\t<div class=\"elementor-element elementor-element-8ac2fc6 elementor-widget elementor-widget-spacer\" data-id=\"8ac2fc6\" data-element_type=\"widget\" data-widget_type=\"spacer.default\">\n\t\t\t\t<div class=\"elementor-widget-container\">\n\t\t\t\t\t<div class=\"elementor-spacer\">\n\t\t\t<div class=\"elementor-spacer-inner\"><\/div>\n\t\t<\/div>\n\t\t\t\t<\/div>\n\t\t\t\t<\/div>\n\t\t\t\t\t<\/div>\n\t\t<\/div>\n\t\t\t\t\t\t\t<\/div>\n\t\t<\/section>\n\t\t\t\t<section class=\"elementor-section elementor-top-section elementor-element elementor-element-21d97d1 elementor-section-boxed elementor-section-height-default elementor-section-height-default\" data-id=\"21d97d1\" data-element_type=\"section\">\n\t\t\t\t\t\t<div class=\"elementor-container elementor-column-gap-default\">\n\t\t\t\t\t<div class=\"elementor-column elementor-col-100 elementor-top-column elementor-element elementor-element-fe21089\" data-id=\"fe21089\" data-element_type=\"column\">\n\t\t\t<div class=\"elementor-widget-wrap elementor-element-populated\">\n\t\t\t\t\t\t\t\t<div class=\"elementor-element elementor-element-49db293 elementor-widget elementor-widget-heading\" data-id=\"49db293\" data-element_type=\"widget\" data-widget_type=\"heading.default\">\n\t\t\t\t<div class=\"elementor-widget-container\">\n\t\t\t<h2 class=\"elementor-heading-title elementor-size-large\">Septembre 2021 : Agenda des d\u00e9constructions\n<\/h2>\t\t<\/div>\n\t\t\t\t<\/div>\n\t\t\t\t\t<\/div>\n\t\t<\/div>\n\t\t\t\t\t\t\t<\/div>\n\t\t<\/section>\n\t\t\t\t<section class=\"elementor-section elementor-top-section elementor-element elementor-element-9a6bdcc elementor-section-boxed elementor-section-height-default elementor-section-height-default\" data-id=\"9a6bdcc\" data-element_type=\"section\">\n\t\t\t\t\t\t<div class=\"elementor-container elementor-column-gap-default\">\n\t\t\t\t\t<div class=\"elementor-column elementor-col-100 elementor-top-column elementor-element elementor-element-eb03785\" data-id=\"eb03785\" data-element_type=\"column\">\n\t\t\t<div class=\"elementor-widget-wrap elementor-element-populated\">\n\t\t\t\t\t\t\t\t<div class=\"elementor-element elementor-element-b0e4946 elementor-widget elementor-widget-text-editor\" data-id=\"b0e4946\" data-element_type=\"widget\" data-widget_type=\"text-editor.default\">\n\t\t\t\t<div class=\"elementor-widget-container\">\n\t\t\t\t\t\t\t<p><b>B\u00e2timent Alouettes,<\/b><\/p><p>D\u00e9construction finie &gt; le terrain est lib\u00e9r\u00e9. De la terre remplace les anciens parkings et un \u201cstabilis\u00e9\u201d r\u00e9alis\u00e9 \u00e0 partir du b\u00e9ton concass\u00e9 (\u00e9conomie circulaire) remplace l\u2019immeuble.<\/p><p>\u00a0<\/p><p><b>B\u00e2timents Fauvettes, Rossignols, M\u00e9sanges, Merles<\/b><\/p><p>D\u00e9construction achev\u00e9e, reste l\u2019\u00e9vacuation des mat\u00e9riaux \u00e0 finir.<\/p><p>\u00a0<\/p><p><b>B\u00e2timent Pinsons<\/b><\/p><p>Le d\u00e9samiantage est en cours. &gt; Fin du chantier de grignotage D\u00e9cembre 2021\u00a0<\/p><p>\u00a0<\/p><p><b>B\u00e2timent Hirondelles<\/b><\/p><p>D\u00e9but d\u00e9construction : Novembre 2022 &gt; Fin du chantier F\u00e9vrier 2023<\/p>\t\t\t\t\t\t<\/div>\n\t\t\t\t<\/div>\n\t\t\t\t\t<\/div>\n\t\t<\/div>\n\t\t\t\t\t\t\t<\/div>\n\t\t<\/section>\n\t\t\t\t<section class=\"elementor-section elementor-top-section elementor-element elementor-element-4b29dc0 elementor-section-boxed elementor-section-height-default elementor-section-height-default\" data-id=\"4b29dc0\" data-element_type=\"section\">\n\t\t\t\t\t\t<div class=\"elementor-container elementor-column-gap-default\">\n\t\t\t\t\t<div class=\"elementor-column elementor-col-100 elementor-top-column elementor-element elementor-element-8551190\" data-id=\"8551190\" data-element_type=\"column\">\n\t\t\t<div class=\"elementor-widget-wrap elementor-element-populated\">\n\t\t\t\t\t\t\t\t<div class=\"elementor-element elementor-element-4114af7 elementor-widget elementor-widget-spacer\" data-id=\"4114af7\" data-element_type=\"widget\" data-widget_type=\"spacer.default\">\n\t\t\t\t<div class=\"elementor-widget-container\">\n\t\t\t\t\t<div class=\"elementor-spacer\">\n\t\t\t<div class=\"elementor-spacer-inner\"><\/div>\n\t\t<\/div>\n\t\t\t\t<\/div>\n\t\t\t\t<\/div>\n\t\t\t\t\t<\/div>\n\t\t<\/div>\n\t\t\t\t\t\t\t<\/div>\n\t\t<\/section>\n\t\t\t\t<section class=\"elementor-section elementor-top-section elementor-element elementor-element-39b7571 elementor-section-boxed elementor-section-height-default elementor-section-height-default\" data-id=\"39b7571\" data-element_type=\"section\">\n\t\t\t\t\t\t<div class=\"elementor-container elementor-column-gap-default\">\n\t\t\t\t\t<div class=\"elementor-column elementor-col-100 elementor-top-column elementor-element elementor-element-ae18832\" data-id=\"ae18832\" data-element_type=\"column\">\n\t\t\t<div class=\"elementor-widget-wrap elementor-element-populated\">\n\t\t\t\t\t\t\t\t<div class=\"elementor-element elementor-element-50d7c45 elementor-widget elementor-widget-heading\" data-id=\"50d7c45\" data-element_type=\"widget\" data-widget_type=\"heading.default\">\n\t\t\t\t<div class=\"elementor-widget-container\">\n\t\t\t<h2 class=\"elementor-heading-title elementor-size-large\">Juin 2021 : Quel avenir pour le b\u00e9ton de la Tour du Renard ?\n<\/h2>\t\t<\/div>\n\t\t\t\t<\/div>\n\t\t\t\t\t<\/div>\n\t\t<\/div>\n\t\t\t\t\t\t\t<\/div>\n\t\t<\/section>\n\t\t\t\t<section class=\"elementor-section elementor-top-section elementor-element elementor-element-4b38e7a elementor-section-boxed elementor-section-height-default elementor-section-height-default\" data-id=\"4b38e7a\" data-element_type=\"section\">\n\t\t\t\t\t\t<div class=\"elementor-container elementor-column-gap-default\">\n\t\t\t\t\t<div class=\"elementor-column elementor-col-50 elementor-top-column elementor-element elementor-element-a0ea0e0\" data-id=\"a0ea0e0\" data-element_type=\"column\">\n\t\t\t<div class=\"elementor-widget-wrap elementor-element-populated\">\n\t\t\t\t\t\t\t\t<div class=\"elementor-element elementor-element-a3cb6fc elementor-widget elementor-widget-image\" data-id=\"a3cb6fc\" data-element_type=\"widget\" data-widget_type=\"image.default\">\n\t\t\t\t<div class=\"elementor-widget-container\">\n\t\t\t\t\t\t\t\t\t\t\t\t\t\t\t<img decoding=\"async\" width=\"309\" height=\"412\" src=\"http:\/\/ville-outreau.fr\/mairie\/wp-content\/uploads\/2019\/12\/1.jpg\" class=\"attachment-full size-full wp-image-4001\" alt=\"\" srcset=\"http:\/\/ville-outreau.fr\/mairie\/wp-content\/uploads\/2019\/12\/1.jpg 309w, http:\/\/ville-outreau.fr\/mairie\/wp-content\/uploads\/2019\/12\/1-225x300.jpg 225w\" sizes=\"(max-width: 309px) 100vw, 309px\" \/>\t\t\t\t\t\t\t\t\t\t\t\t\t\t\t<\/div>\n\t\t\t\t<\/div>\n\t\t\t\t\t<\/div>\n\t\t<\/div>\n\t\t\t\t<div class=\"elementor-column elementor-col-50 elementor-top-column elementor-element elementor-element-2da9bf5\" data-id=\"2da9bf5\" data-element_type=\"column\">\n\t\t\t<div class=\"elementor-widget-wrap elementor-element-populated\">\n\t\t\t\t\t\t\t\t<div class=\"elementor-element elementor-element-4291ae8 elementor-widget elementor-widget-text-editor\" data-id=\"4291ae8\" data-element_type=\"widget\" data-widget_type=\"text-editor.default\">\n\t\t\t\t<div class=\"elementor-widget-container\">\n\t\t\t\t\t\t\t<p style=\"text-align: left;\">Tous les mat\u00e9riaux de construction sont tri\u00e9s et \u00e9vacu\u00e9s vers la plateforme de concassage de l\u2019entreprise SINGER, situ\u00e9e sur le port de Boulogne. Le principe de la d\u00e9construction d\u2019un immeuble vise \u00e0 valoriser les d\u00e9chets et r\u00e9duire les mises \u00e0 la d\u00e9charge. La d\u00e9construction, \u00e0 la diff\u00e9rence de la d\u00e9molition, g\u00e9n\u00e8re de nouvelles ressources. Les d\u00e9chets ne pouvant plus \u00eatre r\u00e9employ\u00e9s en l\u2019\u00e9tat sont : soit r\u00e9utilis\u00e9 (par exemple les gravats pour combler des cavit\u00e9s); soit recycl\u00e9s (concassage des b\u00e9tons en graviers de diff\u00e9rentes tailles, broyages du bois pour fabriquer des panneaux, r\u00e9cup\u00e9ration des ferrailles et du verre pour traitement avant r\u00e9introduction dans les fili\u00e8res; soit valoris\u00e9s ( production de chaleur\u2026).<\/p><p>\u00a0<\/p><p style=\"text-align: left;\">L\u2019Entreprise Singer est reconnue comme expert dans les techniques de recyclage des mat\u00e9riaux de d\u00e9construction.<\/p>\t\t\t\t\t\t<\/div>\n\t\t\t\t<\/div>\n\t\t\t\t\t<\/div>\n\t\t<\/div>\n\t\t\t\t\t\t\t<\/div>\n\t\t<\/section>\n\t\t\t\t<section class=\"elementor-section elementor-top-section elementor-element elementor-element-5bbfd23 elementor-section-boxed elementor-section-height-default elementor-section-height-default\" data-id=\"5bbfd23\" data-element_type=\"section\">\n\t\t\t\t\t\t<div class=\"elementor-container elementor-column-gap-default\">\n\t\t\t\t\t<div class=\"elementor-column elementor-col-100 elementor-top-column elementor-element elementor-element-ae0dd13\" data-id=\"ae0dd13\" data-element_type=\"column\">\n\t\t\t<div class=\"elementor-widget-wrap elementor-element-populated\">\n\t\t\t\t\t\t\t\t<div class=\"elementor-element elementor-element-b7cd5ee elementor-widget elementor-widget-spacer\" data-id=\"b7cd5ee\" data-element_type=\"widget\" data-widget_type=\"spacer.default\">\n\t\t\t\t<div class=\"elementor-widget-container\">\n\t\t\t\t\t<div class=\"elementor-spacer\">\n\t\t\t<div class=\"elementor-spacer-inner\"><\/div>\n\t\t<\/div>\n\t\t\t\t<\/div>\n\t\t\t\t<\/div>\n\t\t\t\t\t<\/div>\n\t\t<\/div>\n\t\t\t\t\t\t\t<\/div>\n\t\t<\/section>\n\t\t\t\t<section class=\"elementor-section elementor-top-section elementor-element elementor-element-e78fddc elementor-section-boxed elementor-section-height-default elementor-section-height-default\" data-id=\"e78fddc\" data-element_type=\"section\">\n\t\t\t\t\t\t<div class=\"elementor-container elementor-column-gap-default\">\n\t\t\t\t\t<div class=\"elementor-column elementor-col-100 elementor-top-column elementor-element elementor-element-58fd0ab\" data-id=\"58fd0ab\" data-element_type=\"column\">\n\t\t\t<div class=\"elementor-widget-wrap elementor-element-populated\">\n\t\t\t\t\t\t\t\t<div class=\"elementor-element elementor-element-5ccce16 elementor-widget elementor-widget-heading\" data-id=\"5ccce16\" data-element_type=\"widget\" data-widget_type=\"heading.default\">\n\t\t\t\t<div class=\"elementor-widget-container\">\n\t\t\t<h2 class=\"elementor-heading-title elementor-size-large\">Ao\u00fbt 2021 : T\u00e9moignage d\u2019habitant\n<\/h2>\t\t<\/div>\n\t\t\t\t<\/div>\n\t\t\t\t\t<\/div>\n\t\t<\/div>\n\t\t\t\t\t\t\t<\/div>\n\t\t<\/section>\n\t\t\t\t<section class=\"elementor-section elementor-top-section elementor-element elementor-element-c3bea1e elementor-section-boxed elementor-section-height-default elementor-section-height-default\" data-id=\"c3bea1e\" data-element_type=\"section\">\n\t\t\t\t\t\t<div class=\"elementor-container elementor-column-gap-default\">\n\t\t\t\t\t<div class=\"elementor-column elementor-col-100 elementor-top-column elementor-element elementor-element-d4ca8b2\" data-id=\"d4ca8b2\" data-element_type=\"column\">\n\t\t\t<div class=\"elementor-widget-wrap elementor-element-populated\">\n\t\t\t\t\t\t\t\t<div class=\"elementor-element elementor-element-64e56b1 elementor-widget elementor-widget-text-editor\" data-id=\"64e56b1\" data-element_type=\"widget\" data-widget_type=\"text-editor.default\">\n\t\t\t\t<div class=\"elementor-widget-container\">\n\t\t\t\t\t\t\t<p><i>En 2017, des \u00e9l\u00e8ves de 4\u00e8me du coll\u00e8ge Albert Camus d&rsquo;Outreau sont partis sur les traces du pass\u00e9 de La Tour du Renard. Des habitants leur ont confi\u00e9 leurs souvenirs les plus pr\u00e9cieux. <\/i><\/p>\t\t\t\t\t\t<\/div>\n\t\t\t\t<\/div>\n\t\t\t\t\t<\/div>\n\t\t<\/div>\n\t\t\t\t\t\t\t<\/div>\n\t\t<\/section>\n\t\t\t\t<section class=\"elementor-section elementor-top-section elementor-element elementor-element-22d960e elementor-section-boxed elementor-section-height-default elementor-section-height-default\" data-id=\"22d960e\" data-element_type=\"section\">\n\t\t\t\t\t\t<div class=\"elementor-container elementor-column-gap-default\">\n\t\t\t\t\t<div class=\"elementor-column elementor-col-100 elementor-top-column elementor-element elementor-element-2f17572\" data-id=\"2f17572\" data-element_type=\"column\">\n\t\t\t<div class=\"elementor-widget-wrap elementor-element-populated\">\n\t\t\t\t\t\t\t\t<div class=\"elementor-element elementor-element-75f8066 elementor-widget elementor-widget-image\" data-id=\"75f8066\" data-element_type=\"widget\" data-widget_type=\"image.default\">\n\t\t\t\t<div class=\"elementor-widget-container\">\n\t\t\t\t\t\t\t\t\t\t\t\t\t\t\t<img decoding=\"async\" width=\"606\" height=\"373\" src=\"http:\/\/ville-outreau.fr\/mairie\/wp-content\/uploads\/2019\/12\/2.jpg\" class=\"attachment-large size-large wp-image-4006\" alt=\"\" srcset=\"http:\/\/ville-outreau.fr\/mairie\/wp-content\/uploads\/2019\/12\/2.jpg 606w, http:\/\/ville-outreau.fr\/mairie\/wp-content\/uploads\/2019\/12\/2-300x185.jpg 300w\" sizes=\"(max-width: 606px) 100vw, 606px\" \/>\t\t\t\t\t\t\t\t\t\t\t\t\t\t\t<\/div>\n\t\t\t\t<\/div>\n\t\t\t\t\t<\/div>\n\t\t<\/div>\n\t\t\t\t\t\t\t<\/div>\n\t\t<\/section>\n\t\t\t\t<section class=\"elementor-section elementor-top-section elementor-element elementor-element-db2a336 elementor-section-boxed elementor-section-height-default elementor-section-height-default\" data-id=\"db2a336\" data-element_type=\"section\">\n\t\t\t\t\t\t<div class=\"elementor-container elementor-column-gap-default\">\n\t\t\t\t\t<div class=\"elementor-column elementor-col-100 elementor-top-column elementor-element elementor-element-70448c9\" data-id=\"70448c9\" data-element_type=\"column\">\n\t\t\t<div class=\"elementor-widget-wrap elementor-element-populated\">\n\t\t\t\t\t\t\t\t<div class=\"elementor-element elementor-element-e02be0b elementor-widget elementor-widget-text-editor\" data-id=\"e02be0b\" data-element_type=\"widget\" data-widget_type=\"text-editor.default\">\n\t\t\t\t<div class=\"elementor-widget-container\">\n\t\t\t\t\t\t\t<p><b>Marl\u00e8ne DUCLOY<\/b><\/p><p>\u00a0<\/p><p>Femme incroyable et joviale, comique et humaine, Marl\u00e8ne a toujours habit\u00e9 La Tour du Renard. De son enfance \u00e0 ses 23 ans, elle a v\u00e9cu aux Hirondelles o\u00f9 elle a eu son premier enfant. Puis, c\u2019est aux M\u00e9sanges qu\u2019elle aura les deux suivants avant de d\u00e9m\u00e9nager dans une maison situ\u00e9e face \u00e0 La Tour.<\/p><p>\u00a0<\/p><p><b>\u00ab C\u2019est mon quartier et je l\u2019aime, je voudrais que \u00e7a change sans changer ! \u00bb<\/b><\/p><p>\u00a0<\/p><p>Des souvenirs de son enfance et de son adolescence, Marl\u00e8ne en a plein la t\u00eate. Comme l\u2019arriv\u00e9e du marchand de glaces qu\u2019annon\u00e7ait sa musique lancinante, vite accompagn\u00e9e des cris de joie et suppliques. A l\u2019\u00e9poque, il n\u2019y avait pas d\u2019interphone, et chacun s&rsquo;\u00e9poumonait du bas des immeubles \u00ab Oh M\u2019man ! Oh M\u2019man ! Lance une p\u2019tite pi\u00e8ce ! \u00bb, et par miracle, les pi\u00e8ces tombaient des fen\u00eatres permettant aux enfants d\u2019aller acheter leur glace !<\/p><p>\u00a0<\/p><p>Et le pommier. Avec ses amis, elle aimait grimper dans cet arbre majestueux, lieu de camouflage gr\u00e2ce \u00e0 son feuillage ; ils pouvaient y rester des heures \u00e0 discuter, \u00e0 observer les passants. Marl\u00e8ne \u00e9clate de rire et nous confie alors que lorsque passait quelqu\u2019un qu\u2019elle et ses amis n&rsquo;appr\u00e9cient pas, ils lui jetaient des pommes. Comme sur cet homme souvent ivre et insultant. , on lui en a garrott\u00e9 plein ! \u00bb. Elle se rem\u00e9more aussi le jour o\u00f9 elle a \u00e9t\u00e9 identifi\u00e9e \u00e0 cause de son z\u00e9zaiement, et que la dame, qui avait re\u00e7u les projectiles, a cri\u00e9 : \u00ab J\u2019 t\u2019ai reconnue Marl\u00e8ne, j\u2019vais l\u2019dire \u00e0 t\u2019m\u00e8re ! \u00bb.<\/p><p>\u00a0<\/p><p>\u00a0Elle se souvient du pass\u00e9 et la nostalgie s\u2019installe. \u00ab <i>Il y avait une tr\u00e8s bonne ambiance ! Ce que j\u2019aimais, c\u2019\u00e9tait la convivialit\u00e9, l\u2019entraide, le respect mais aussi tout l\u2019amour qu\u2019on se donnait et qu\u2019on recevait !<\/i> \u00bb.<\/p><p>\u00a0<\/p><p>C\u2019est avec son mari et ses deux derni\u00e8res filles qu\u2019ils se rendent au Conseil Citoyen. Pour eux, il est primordial d\u2019en faire partie afin de d\u00e9fendre leur quartier et de lui apporter un nouveau souffle et une meilleure image. Le quartier, ils l\u2019aiment plus que tout. \u00ab <i>Je le d\u00e9fendrai quoi qu\u2019on en dise &#8230;<\/i> \u00bb.<\/p><p>\u00a0<\/p><p>Ce qu\u2019elle d\u00e9sire pour l\u2019avenir c\u2019est plus de confort, le retour de la convivialit\u00e9 et du<\/p><p>respect, mais surtout \u00ab <b><i>\u00e9crire une nouvelle histoire !<\/i><\/b> \u00bb<\/p><p>\u00a0<\/p><p>* Marl\u00e8ne est d\u00e9c\u00e9d\u00e9e depuis, tout comme Suzanne\u2026 Ces deux personnages ont fortement contribu\u00e9 \u00e0 la vie du quartier et \u00e0 son \u00e9volution. Un grand merci \u00e0 elles.<\/p>\t\t\t\t\t\t<\/div>\n\t\t\t\t<\/div>\n\t\t\t\t\t<\/div>\n\t\t<\/div>\n\t\t\t\t\t\t\t<\/div>\n\t\t<\/section>\n\t\t\t\t<section class=\"elementor-section elementor-top-section elementor-element elementor-element-6de1ce1 elementor-section-boxed elementor-section-height-default elementor-section-height-default\" data-id=\"6de1ce1\" data-element_type=\"section\">\n\t\t\t\t\t\t<div class=\"elementor-container elementor-column-gap-default\">\n\t\t\t\t\t<div class=\"elementor-column elementor-col-100 elementor-top-column elementor-element elementor-element-bd74bb1\" data-id=\"bd74bb1\" data-element_type=\"column\">\n\t\t\t<div class=\"elementor-widget-wrap elementor-element-populated\">\n\t\t\t\t\t\t\t\t<div class=\"elementor-element elementor-element-3656a49 elementor-widget elementor-widget-spacer\" data-id=\"3656a49\" data-element_type=\"widget\" data-widget_type=\"spacer.default\">\n\t\t\t\t<div class=\"elementor-widget-container\">\n\t\t\t\t\t<div class=\"elementor-spacer\">\n\t\t\t<div class=\"elementor-spacer-inner\"><\/div>\n\t\t<\/div>\n\t\t\t\t<\/div>\n\t\t\t\t<\/div>\n\t\t\t\t\t<\/div>\n\t\t<\/div>\n\t\t\t\t\t\t\t<\/div>\n\t\t<\/section>\n\t\t\t\t<section class=\"elementor-section elementor-top-section elementor-element elementor-element-a44880c elementor-section-boxed elementor-section-height-default elementor-section-height-default\" data-id=\"a44880c\" data-element_type=\"section\">\n\t\t\t\t\t\t<div class=\"elementor-container elementor-column-gap-default\">\n\t\t\t\t\t<div class=\"elementor-column elementor-col-100 elementor-top-column elementor-element elementor-element-a5434dd\" data-id=\"a5434dd\" data-element_type=\"column\">\n\t\t\t<div class=\"elementor-widget-wrap elementor-element-populated\">\n\t\t\t\t\t\t\t\t<div class=\"elementor-element elementor-element-e69191c elementor-widget elementor-widget-heading\" data-id=\"e69191c\" data-element_type=\"widget\" data-widget_type=\"heading.default\">\n\t\t\t\t<div class=\"elementor-widget-container\">\n\t\t\t<h2 class=\"elementor-heading-title elementor-size-large\">Mars 2021 : Les belles images du grignotage\n<\/h2>\t\t<\/div>\n\t\t\t\t<\/div>\n\t\t\t\t\t<\/div>\n\t\t<\/div>\n\t\t\t\t\t\t\t<\/div>\n\t\t<\/section>\n\t\t\t\t<section class=\"elementor-section elementor-top-section elementor-element elementor-element-7b31857 elementor-section-boxed elementor-section-height-default elementor-section-height-default\" data-id=\"7b31857\" data-element_type=\"section\">\n\t\t\t\t\t\t<div class=\"elementor-container elementor-column-gap-default\">\n\t\t\t\t\t<div class=\"elementor-column elementor-col-50 elementor-top-column elementor-element elementor-element-2cdb929\" data-id=\"2cdb929\" data-element_type=\"column\">\n\t\t\t<div class=\"elementor-widget-wrap elementor-element-populated\">\n\t\t\t\t\t\t\t\t<div class=\"elementor-element elementor-element-1932a91 elementor-widget elementor-widget-video\" data-id=\"1932a91\" data-element_type=\"widget\" data-settings=\"{&quot;youtube_url&quot;:&quot;https:\\\/\\\/www.youtube.com\\\/watch?v=F8cMUuNxw-E&quot;,&quot;video_type&quot;:&quot;youtube&quot;,&quot;controls&quot;:&quot;yes&quot;}\" data-widget_type=\"video.default\">\n\t\t\t\t<div class=\"elementor-widget-container\">\n\t\t\t\t\t<div class=\"elementor-wrapper elementor-open-inline\">\n\t\t\t<div class=\"elementor-video\"><\/div>\t\t<\/div>\n\t\t\t\t<\/div>\n\t\t\t\t<\/div>\n\t\t\t\t\t<\/div>\n\t\t<\/div>\n\t\t\t\t<div class=\"elementor-column elementor-col-50 elementor-top-column elementor-element elementor-element-723f358\" data-id=\"723f358\" data-element_type=\"column\">\n\t\t\t<div class=\"elementor-widget-wrap elementor-element-populated\">\n\t\t\t\t\t\t\t\t<div class=\"elementor-element elementor-element-e8b635f elementor-widget elementor-widget-text-editor\" data-id=\"e8b635f\" data-element_type=\"widget\" data-widget_type=\"text-editor.default\">\n\t\t\t\t<div class=\"elementor-widget-container\">\n\t\t\t\t\t\t\t<p>\u00a0<\/p><p>Tandis que le service communication r\u00e9alisait un \u201cFacebook-live\u201d de la manifestation, Le Centre Social Jacques Brel avait mobilis\u00e9 toute une \u00e9quipe pour r\u00e9aliser une vid\u00e9o souvenir de cet \u00e9v\u00e8nement.<\/p><p>\u00a0<\/p><p>Un document \u00e9mouvant \u00e0 regarder sans mod\u00e9ration.<\/p>\t\t\t\t\t\t<\/div>\n\t\t\t\t<\/div>\n\t\t\t\t\t<\/div>\n\t\t<\/div>\n\t\t\t\t\t\t\t<\/div>\n\t\t<\/section>\n\t\t\t\t<section class=\"elementor-section elementor-top-section elementor-element elementor-element-32ec8eb elementor-section-boxed elementor-section-height-default elementor-section-height-default\" data-id=\"32ec8eb\" data-element_type=\"section\">\n\t\t\t\t\t\t<div class=\"elementor-container elementor-column-gap-default\">\n\t\t\t\t\t<div class=\"elementor-column elementor-col-100 elementor-top-column elementor-element elementor-element-7ff8fb1\" data-id=\"7ff8fb1\" data-element_type=\"column\">\n\t\t\t<div class=\"elementor-widget-wrap elementor-element-populated\">\n\t\t\t\t\t\t\t\t<div class=\"elementor-element elementor-element-f29567a elementor-widget elementor-widget-spacer\" data-id=\"f29567a\" data-element_type=\"widget\" data-widget_type=\"spacer.default\">\n\t\t\t\t<div class=\"elementor-widget-container\">\n\t\t\t\t\t<div class=\"elementor-spacer\">\n\t\t\t<div class=\"elementor-spacer-inner\"><\/div>\n\t\t<\/div>\n\t\t\t\t<\/div>\n\t\t\t\t<\/div>\n\t\t\t\t\t<\/div>\n\t\t<\/div>\n\t\t\t\t\t\t\t<\/div>\n\t\t<\/section>\n\t\t\t\t<section class=\"elementor-section elementor-top-section elementor-element elementor-element-fc70a24 elementor-section-boxed elementor-section-height-default elementor-section-height-default\" data-id=\"fc70a24\" data-element_type=\"section\">\n\t\t\t\t\t\t<div class=\"elementor-container elementor-column-gap-default\">\n\t\t\t\t\t<div class=\"elementor-column elementor-col-100 elementor-top-column elementor-element elementor-element-37e2dcb\" data-id=\"37e2dcb\" data-element_type=\"column\">\n\t\t\t<div class=\"elementor-widget-wrap elementor-element-populated\">\n\t\t\t\t\t\t\t\t<div class=\"elementor-element elementor-element-15c9dc8 elementor-widget elementor-widget-heading\" data-id=\"15c9dc8\" data-element_type=\"widget\" data-widget_type=\"heading.default\">\n\t\t\t\t<div class=\"elementor-widget-container\">\n\t\t\t<h2 class=\"elementor-heading-title elementor-size-large\">Mars 2021 : Lancement officiel de la d\u00e9construction\n<\/h2>\t\t<\/div>\n\t\t\t\t<\/div>\n\t\t\t\t\t<\/div>\n\t\t<\/div>\n\t\t\t\t\t\t\t<\/div>\n\t\t<\/section>\n\t\t\t\t<section class=\"elementor-section elementor-top-section elementor-element elementor-element-32169dd elementor-section-boxed elementor-section-height-default elementor-section-height-default\" data-id=\"32169dd\" data-element_type=\"section\">\n\t\t\t\t\t\t<div class=\"elementor-container elementor-column-gap-default\">\n\t\t\t\t\t<div class=\"elementor-column elementor-col-100 elementor-top-column elementor-element elementor-element-5e3f9de\" data-id=\"5e3f9de\" data-element_type=\"column\">\n\t\t\t<div class=\"elementor-widget-wrap elementor-element-populated\">\n\t\t\t\t\t\t\t\t<div class=\"elementor-element elementor-element-ff4d45e elementor-widget elementor-widget-text-editor\" data-id=\"ff4d45e\" data-element_type=\"widget\" data-widget_type=\"text-editor.default\">\n\t\t\t\t<div class=\"elementor-widget-container\">\n\t\t\t\t\t\t\t<p><b>le 17 mars, le chantier de grignotage \u00e9tait officiellement lanc\u00e9.\u00a0<\/b><\/p><p>Il avait \u00e9t\u00e9 envisag\u00e9 de faire de cet \u00e9v\u00e8nement l\u2019occasion d\u2019une belle manifestation publique, le grignotage d\u2019un immeuble \u00e9tant toujours un moment fort d\u2019\u00e9motions et d\u2019annonces de perspectives, mais nous \u00e9tions dans la p\u00e9riode la plus forte de la pand\u00e9mie et du confinement. Pourtant la reconnaissance officielle de ce grand chantier \u00e9tait indispensable. C\u2019est donc un comit\u00e9 restreint de personnalit\u00e9s, qui, devant un public limit\u00e9 et masqu\u00e9 compos\u00e9 de membres du Conseil municipal, de repr\u00e9sentants du Conseil citoyen et de la Presse, ont resitu\u00e9 l\u2019ambition et les enjeux de ce grand projet urbain.<\/p>\t\t\t\t\t\t<\/div>\n\t\t\t\t<\/div>\n\t\t\t\t\t<\/div>\n\t\t<\/div>\n\t\t\t\t\t\t\t<\/div>\n\t\t<\/section>\n\t\t\t\t<section class=\"elementor-section elementor-top-section elementor-element elementor-element-abbf4b6 elementor-section-boxed elementor-section-height-default elementor-section-height-default\" data-id=\"abbf4b6\" data-element_type=\"section\">\n\t\t\t\t\t\t<div class=\"elementor-container elementor-column-gap-default\">\n\t\t\t\t\t<div class=\"elementor-column elementor-col-100 elementor-top-column elementor-element elementor-element-b1070b4\" data-id=\"b1070b4\" data-element_type=\"column\">\n\t\t\t<div class=\"elementor-widget-wrap elementor-element-populated\">\n\t\t\t\t\t\t\t\t<div class=\"elementor-element elementor-element-be9c55c elementor-widget elementor-widget-image\" data-id=\"be9c55c\" data-element_type=\"widget\" data-widget_type=\"image.default\">\n\t\t\t\t<div class=\"elementor-widget-container\">\n\t\t\t\t\t\t\t\t\t\t\t\t\t\t\t<img loading=\"lazy\" decoding=\"async\" width=\"601\" height=\"288\" src=\"http:\/\/ville-outreau.fr\/mairie\/wp-content\/uploads\/2019\/12\/5.jpg\" class=\"attachment-large size-large wp-image-4014\" alt=\"\" srcset=\"http:\/\/ville-outreau.fr\/mairie\/wp-content\/uploads\/2019\/12\/5.jpg 601w, http:\/\/ville-outreau.fr\/mairie\/wp-content\/uploads\/2019\/12\/5-300x144.jpg 300w\" sizes=\"(max-width: 601px) 100vw, 601px\" \/>\t\t\t\t\t\t\t\t\t\t\t\t\t\t\t<\/div>\n\t\t\t\t<\/div>\n\t\t\t\t\t<\/div>\n\t\t<\/div>\n\t\t\t\t\t\t\t<\/div>\n\t\t<\/section>\n\t\t\t\t<section class=\"elementor-section elementor-top-section elementor-element elementor-element-695064a elementor-section-boxed elementor-section-height-default elementor-section-height-default\" data-id=\"695064a\" data-element_type=\"section\">\n\t\t\t\t\t\t<div class=\"elementor-container elementor-column-gap-default\">\n\t\t\t\t\t<div class=\"elementor-column elementor-col-100 elementor-top-column elementor-element elementor-element-cee6237\" data-id=\"cee6237\" data-element_type=\"column\">\n\t\t\t<div class=\"elementor-widget-wrap elementor-element-populated\">\n\t\t\t\t\t\t\t\t<div class=\"elementor-element elementor-element-362c7f8 elementor-widget elementor-widget-text-editor\" data-id=\"362c7f8\" data-element_type=\"widget\" data-widget_type=\"text-editor.default\">\n\t\t\t\t<div class=\"elementor-widget-container\">\n\t\t\t\t\t\t\t<p><b>Jean-Louis Cottigny<\/b>, <i>pr\u00e9sident de Pas-de-Calais habitat <\/i>; <b>Fr\u00e9d\u00e9ric Cuvillier<\/b>, <i>pr\u00e9sident de la Communaut\u00e9 d\u2019Agglom\u00e9ration du Boulonnais<\/i>; <b>S\u00e9bastien Chochois<\/b>, <i>Maire d\u2019Outreau; <\/i><b>Nicolas Grivel<\/b><i>, directeur g\u00e9n\u00e9ral de l\u2019ANRU et <\/i><b>Dominique Concille<\/b><i>, Sous-Pr\u00e9f\u00e8te de Boulogne-sur-Mer<\/i><\/p>\t\t\t\t\t\t<\/div>\n\t\t\t\t<\/div>\n\t\t\t\t\t<\/div>\n\t\t<\/div>\n\t\t\t\t\t\t\t<\/div>\n\t\t<\/section>\n\t\t\t\t<section class=\"elementor-section elementor-top-section elementor-element elementor-element-d1d1571 elementor-section-boxed elementor-section-height-default elementor-section-height-default\" data-id=\"d1d1571\" data-element_type=\"section\">\n\t\t\t\t\t\t<div class=\"elementor-container elementor-column-gap-default\">\n\t\t\t\t\t<div class=\"elementor-column elementor-col-100 elementor-top-column elementor-element elementor-element-0ef3bd2\" data-id=\"0ef3bd2\" data-element_type=\"column\">\n\t\t\t<div class=\"elementor-widget-wrap elementor-element-populated\">\n\t\t\t\t\t\t\t\t<div class=\"elementor-element elementor-element-cc46453 elementor-widget elementor-widget-spacer\" data-id=\"cc46453\" data-element_type=\"widget\" data-widget_type=\"spacer.default\">\n\t\t\t\t<div class=\"elementor-widget-container\">\n\t\t\t\t\t<div class=\"elementor-spacer\">\n\t\t\t<div class=\"elementor-spacer-inner\"><\/div>\n\t\t<\/div>\n\t\t\t\t<\/div>\n\t\t\t\t<\/div>\n\t\t\t\t\t<\/div>\n\t\t<\/div>\n\t\t\t\t\t\t\t<\/div>\n\t\t<\/section>\n\t\t\t\t<section class=\"elementor-section elementor-top-section elementor-element elementor-element-51cada0 elementor-section-boxed elementor-section-height-default elementor-section-height-default\" data-id=\"51cada0\" data-element_type=\"section\">\n\t\t\t\t\t\t<div class=\"elementor-container elementor-column-gap-default\">\n\t\t\t\t\t<div class=\"elementor-column elementor-col-100 elementor-top-column elementor-element elementor-element-e53aaf7\" data-id=\"e53aaf7\" data-element_type=\"column\">\n\t\t\t<div class=\"elementor-widget-wrap elementor-element-populated\">\n\t\t\t\t\t\t\t\t<div class=\"elementor-element elementor-element-cd0c19b elementor-widget elementor-widget-heading\" data-id=\"cd0c19b\" data-element_type=\"widget\" data-widget_type=\"heading.default\">\n\t\t\t\t<div class=\"elementor-widget-container\">\n\t\t\t<h2 class=\"elementor-heading-title elementor-size-large\">F\u00e9vrier 2021 : Zoom sur le grignotage\n<\/h2>\t\t<\/div>\n\t\t\t\t<\/div>\n\t\t\t\t\t<\/div>\n\t\t<\/div>\n\t\t\t\t\t\t\t<\/div>\n\t\t<\/section>\n\t\t\t\t<section class=\"elementor-section elementor-top-section elementor-element elementor-element-a761b74 elementor-section-boxed elementor-section-height-default elementor-section-height-default\" data-id=\"a761b74\" data-element_type=\"section\">\n\t\t\t\t\t\t<div class=\"elementor-container elementor-column-gap-default\">\n\t\t\t\t\t<div class=\"elementor-column elementor-col-100 elementor-top-column elementor-element elementor-element-b9bad61\" data-id=\"b9bad61\" data-element_type=\"column\">\n\t\t\t<div class=\"elementor-widget-wrap elementor-element-populated\">\n\t\t\t\t\t\t\t\t<div class=\"elementor-element elementor-element-eb59167 elementor-widget elementor-widget-text-editor\" data-id=\"eb59167\" data-element_type=\"widget\" data-widget_type=\"text-editor.default\">\n\t\t\t\t<div class=\"elementor-widget-container\">\n\t\t\t\t\t\t\t<p><b>Le grignotage est la derni\u00e8re \u00e9tape de la d\u00e9construction des immeubles. <\/b><\/p>\t\t\t\t\t\t<\/div>\n\t\t\t\t<\/div>\n\t\t\t\t\t<\/div>\n\t\t<\/div>\n\t\t\t\t\t\t\t<\/div>\n\t\t<\/section>\n\t\t\t\t<section class=\"elementor-section elementor-top-section elementor-element elementor-element-401ed09 elementor-section-boxed elementor-section-height-default elementor-section-height-default\" data-id=\"401ed09\" data-element_type=\"section\">\n\t\t\t\t\t\t<div class=\"elementor-container elementor-column-gap-default\">\n\t\t\t\t\t<div class=\"elementor-column elementor-col-100 elementor-top-column elementor-element elementor-element-99d3a54\" data-id=\"99d3a54\" data-element_type=\"column\">\n\t\t\t<div class=\"elementor-widget-wrap elementor-element-populated\">\n\t\t\t\t\t\t\t\t<div class=\"elementor-element elementor-element-cab5c13 elementor-widget elementor-widget-image\" data-id=\"cab5c13\" data-element_type=\"widget\" data-widget_type=\"image.default\">\n\t\t\t\t<div class=\"elementor-widget-container\">\n\t\t\t\t\t\t\t\t\t\t\t\t\t\t\t<img loading=\"lazy\" decoding=\"async\" width=\"541\" height=\"336\" src=\"http:\/\/ville-outreau.fr\/mairie\/wp-content\/uploads\/2019\/12\/Capture-decran-2021-10-05-161029.jpg\" class=\"attachment-large size-large wp-image-4015\" alt=\"\" srcset=\"http:\/\/ville-outreau.fr\/mairie\/wp-content\/uploads\/2019\/12\/Capture-decran-2021-10-05-161029.jpg 541w, http:\/\/ville-outreau.fr\/mairie\/wp-content\/uploads\/2019\/12\/Capture-decran-2021-10-05-161029-300x186.jpg 300w\" sizes=\"(max-width: 541px) 100vw, 541px\" \/>\t\t\t\t\t\t\t\t\t\t\t\t\t\t\t<\/div>\n\t\t\t\t<\/div>\n\t\t\t\t\t<\/div>\n\t\t<\/div>\n\t\t\t\t\t\t\t<\/div>\n\t\t<\/section>\n\t\t\t\t<section class=\"elementor-section elementor-top-section elementor-element elementor-element-de82b51 elementor-section-boxed elementor-section-height-default elementor-section-height-default\" data-id=\"de82b51\" data-element_type=\"section\">\n\t\t\t\t\t\t<div class=\"elementor-container elementor-column-gap-default\">\n\t\t\t\t\t<div class=\"elementor-column elementor-col-100 elementor-top-column elementor-element elementor-element-aed9770\" data-id=\"aed9770\" data-element_type=\"column\">\n\t\t\t<div class=\"elementor-widget-wrap elementor-element-populated\">\n\t\t\t\t\t\t\t\t<div class=\"elementor-element elementor-element-5caaf85 elementor-widget elementor-widget-text-editor\" data-id=\"5caaf85\" data-element_type=\"widget\" data-widget_type=\"text-editor.default\">\n\t\t\t\t<div class=\"elementor-widget-container\">\n\t\t\t\t\t\t\t<p>A l\u2019issue des phases de curage et de d\u00e9samiantage ne reste que la structure de gros \u0153uvre (b\u00e9ton et ma\u00e7onnerie). Les b\u00e2timents sont grignot\u00e9s \u00e0 l\u2019aide d\u2019une pelle \u00e0 grand bras de 50 tonnes \u00e9quip\u00e9e d\u2019une pince \u00e0 b\u00e9ton qui \u00e9miette la structure. L\u2019abattage des b\u00e2timents est men\u00e9 en escalier de haut en bas pour assurer une stabilit\u00e9 constante \u00e0 l\u2019immeuble. Le reste des constructions: murets, escaliers, rampes, cheminements,<\/p><p>boxes de garages, enrob\u00e9s des parkings\u2026 seront aussi d\u00e9mont\u00e9s pour laisser un terrain nu qui sera garni de terre \u2026 en attendant les prochaines constructions.<\/p>\t\t\t\t\t\t<\/div>\n\t\t\t\t<\/div>\n\t\t\t\t\t<\/div>\n\t\t<\/div>\n\t\t\t\t\t\t\t<\/div>\n\t\t<\/section>\n\t\t\t\t<section class=\"elementor-section elementor-top-section elementor-element elementor-element-18e63b7 elementor-section-boxed elementor-section-height-default elementor-section-height-default\" data-id=\"18e63b7\" data-element_type=\"section\">\n\t\t\t\t\t\t<div class=\"elementor-container elementor-column-gap-default\">\n\t\t\t\t\t<div class=\"elementor-column elementor-col-100 elementor-top-column elementor-element elementor-element-d3179f5\" data-id=\"d3179f5\" data-element_type=\"column\">\n\t\t\t<div class=\"elementor-widget-wrap elementor-element-populated\">\n\t\t\t\t\t\t\t\t<div class=\"elementor-element elementor-element-7afcd51 elementor-widget elementor-widget-spacer\" data-id=\"7afcd51\" data-element_type=\"widget\" data-widget_type=\"spacer.default\">\n\t\t\t\t<div class=\"elementor-widget-container\">\n\t\t\t\t\t<div class=\"elementor-spacer\">\n\t\t\t<div class=\"elementor-spacer-inner\"><\/div>\n\t\t<\/div>\n\t\t\t\t<\/div>\n\t\t\t\t<\/div>\n\t\t\t\t\t<\/div>\n\t\t<\/div>\n\t\t\t\t\t\t\t<\/div>\n\t\t<\/section>\n\t\t\t\t<section class=\"elementor-section elementor-top-section elementor-element elementor-element-42cb2dd elementor-section-boxed elementor-section-height-default elementor-section-height-default\" data-id=\"42cb2dd\" data-element_type=\"section\">\n\t\t\t\t\t\t<div class=\"elementor-container elementor-column-gap-default\">\n\t\t\t\t\t<div class=\"elementor-column elementor-col-100 elementor-top-column elementor-element elementor-element-7c490d9\" data-id=\"7c490d9\" data-element_type=\"column\">\n\t\t\t<div class=\"elementor-widget-wrap elementor-element-populated\">\n\t\t\t\t\t\t\t\t<div class=\"elementor-element elementor-element-266c4fd elementor-widget elementor-widget-heading\" data-id=\"266c4fd\" data-element_type=\"widget\" data-widget_type=\"heading.default\">\n\t\t\t\t<div class=\"elementor-widget-container\">\n\t\t\t<h2 class=\"elementor-heading-title elementor-size-large\">Janvier 2021 : La difficile programmation des chantiers\n<\/h2>\t\t<\/div>\n\t\t\t\t<\/div>\n\t\t\t\t\t<\/div>\n\t\t<\/div>\n\t\t\t\t\t\t\t<\/div>\n\t\t<\/section>\n\t\t\t\t<section class=\"elementor-section elementor-top-section elementor-element elementor-element-9c843e5 elementor-section-boxed elementor-section-height-default elementor-section-height-default\" data-id=\"9c843e5\" data-element_type=\"section\">\n\t\t\t\t\t\t<div class=\"elementor-container elementor-column-gap-default\">\n\t\t\t\t\t<div class=\"elementor-column elementor-col-100 elementor-top-column elementor-element elementor-element-8ff97a7\" data-id=\"8ff97a7\" data-element_type=\"column\">\n\t\t\t<div class=\"elementor-widget-wrap elementor-element-populated\">\n\t\t\t\t\t\t\t\t<div class=\"elementor-element elementor-element-a82bed0 elementor-widget elementor-widget-image\" data-id=\"a82bed0\" data-element_type=\"widget\" data-widget_type=\"image.default\">\n\t\t\t\t<div class=\"elementor-widget-container\">\n\t\t\t\t\t\t\t\t\t\t\t\t\t\t\t<img loading=\"lazy\" decoding=\"async\" width=\"623\" height=\"321\" src=\"http:\/\/ville-outreau.fr\/mairie\/wp-content\/uploads\/2019\/12\/Capture-decran-2021-10-05-161344.jpg\" class=\"attachment-large size-large wp-image-4017\" alt=\"\" srcset=\"http:\/\/ville-outreau.fr\/mairie\/wp-content\/uploads\/2019\/12\/Capture-decran-2021-10-05-161344.jpg 623w, http:\/\/ville-outreau.fr\/mairie\/wp-content\/uploads\/2019\/12\/Capture-decran-2021-10-05-161344-300x155.jpg 300w\" sizes=\"(max-width: 623px) 100vw, 623px\" \/>\t\t\t\t\t\t\t\t\t\t\t\t\t\t\t<\/div>\n\t\t\t\t<\/div>\n\t\t\t\t\t<\/div>\n\t\t<\/div>\n\t\t\t\t\t\t\t<\/div>\n\t\t<\/section>\n\t\t\t\t<section class=\"elementor-section elementor-top-section elementor-element elementor-element-d36a7ab elementor-section-boxed elementor-section-height-default elementor-section-height-default\" data-id=\"d36a7ab\" data-element_type=\"section\">\n\t\t\t\t\t\t<div class=\"elementor-container elementor-column-gap-default\">\n\t\t\t\t\t<div class=\"elementor-column elementor-col-100 elementor-top-column elementor-element elementor-element-c602633\" data-id=\"c602633\" data-element_type=\"column\">\n\t\t\t<div class=\"elementor-widget-wrap elementor-element-populated\">\n\t\t\t\t\t\t\t\t<div class=\"elementor-element elementor-element-9d0e8b5 elementor-widget elementor-widget-text-editor\" data-id=\"9d0e8b5\" data-element_type=\"widget\" data-widget_type=\"text-editor.default\">\n\t\t\t\t<div class=\"elementor-widget-container\">\n\t\t\t\t\t\t\t<p>COVID, CONFINEMENTS, INTEMP\u00c9RIES\u2026 Tous ces \u00e9v\u00e9nements ont eu raison du calendrier initial des chantiers de d\u00e9constructions. A chaque blocage de travaux, le bureau d\u2019\u00e9tude revoit la copie de la planification de tous les chantiers. Et comme il y en a jusque 2024 &#8211; si tout va bien- c\u2019est une vraie prise de t\u00eate pour concilier les obligations l\u00e9gales de d\u00e9clarations, les mise en concurrence d\u2019entreprises, la r\u00e9alisation des nombreux chantiers en \u00e9vitant les bouchons.<\/p>\t\t\t\t\t\t<\/div>\n\t\t\t\t<\/div>\n\t\t\t\t\t<\/div>\n\t\t<\/div>\n\t\t\t\t\t\t\t<\/div>\n\t\t<\/section>\n\t\t\t\t<section class=\"elementor-section elementor-top-section elementor-element elementor-element-bd1a59c elementor-section-boxed elementor-section-height-default elementor-section-height-default\" data-id=\"bd1a59c\" data-element_type=\"section\">\n\t\t\t\t\t\t<div class=\"elementor-container elementor-column-gap-default\">\n\t\t\t\t\t<div class=\"elementor-column elementor-col-100 elementor-top-column elementor-element elementor-element-1dea503\" data-id=\"1dea503\" data-element_type=\"column\">\n\t\t\t<div class=\"elementor-widget-wrap elementor-element-populated\">\n\t\t\t\t\t\t\t\t<div class=\"elementor-element elementor-element-3b1c71c elementor-widget elementor-widget-heading\" data-id=\"3b1c71c\" data-element_type=\"widget\" data-widget_type=\"heading.default\">\n\t\t\t\t<div class=\"elementor-widget-container\">\n\t\t\t<h2 class=\"elementor-heading-title elementor-size-large\">Zoom sur : Le d\u00e9samiantage<\/h2>\t\t<\/div>\n\t\t\t\t<\/div>\n\t\t\t\t\t<\/div>\n\t\t<\/div>\n\t\t\t\t\t\t\t<\/div>\n\t\t<\/section>\n\t\t\t\t<section class=\"elementor-section elementor-top-section elementor-element elementor-element-047b519 elementor-section-boxed elementor-section-height-default elementor-section-height-default\" data-id=\"047b519\" data-element_type=\"section\">\n\t\t\t\t\t\t<div class=\"elementor-container elementor-column-gap-default\">\n\t\t\t\t\t<div class=\"elementor-column elementor-col-50 elementor-top-column elementor-element elementor-element-a928636\" data-id=\"a928636\" data-element_type=\"column\">\n\t\t\t<div class=\"elementor-widget-wrap elementor-element-populated\">\n\t\t\t\t\t\t\t\t<div class=\"elementor-element elementor-element-31cb44a elementor-widget elementor-widget-image\" data-id=\"31cb44a\" data-element_type=\"widget\" data-widget_type=\"image.default\">\n\t\t\t\t<div class=\"elementor-widget-container\">\n\t\t\t\t\t\t\t\t\t\t\t\t\t\t\t<img loading=\"lazy\" decoding=\"async\" width=\"241\" height=\"544\" src=\"http:\/\/ville-outreau.fr\/mairie\/wp-content\/uploads\/2019\/12\/Capture-decran-2021-10-05-162532.jpg\" class=\"attachment-large size-large wp-image-4018\" alt=\"\" srcset=\"http:\/\/ville-outreau.fr\/mairie\/wp-content\/uploads\/2019\/12\/Capture-decran-2021-10-05-162532.jpg 241w, http:\/\/ville-outreau.fr\/mairie\/wp-content\/uploads\/2019\/12\/Capture-decran-2021-10-05-162532-133x300.jpg 133w\" sizes=\"(max-width: 241px) 100vw, 241px\" \/>\t\t\t\t\t\t\t\t\t\t\t\t\t\t\t<\/div>\n\t\t\t\t<\/div>\n\t\t\t\t\t<\/div>\n\t\t<\/div>\n\t\t\t\t<div class=\"elementor-column elementor-col-50 elementor-top-column elementor-element elementor-element-2a98ba4\" data-id=\"2a98ba4\" data-element_type=\"column\">\n\t\t\t<div class=\"elementor-widget-wrap elementor-element-populated\">\n\t\t\t\t\t\t\t\t<div class=\"elementor-element elementor-element-62d8d97 elementor-widget elementor-widget-text-editor\" data-id=\"62d8d97\" data-element_type=\"widget\" data-widget_type=\"text-editor.default\">\n\t\t\t\t<div class=\"elementor-widget-container\">\n\t\t\t\t\t\t\t<p><span style=\"font-size: 10.5pt; font-family: Arial; color: #202020; background-color: #ffffff; font-weight: 400; font-style: normal; font-variant: normal; text-decoration: none; vertical-align: baseline; white-space: pre-wrap;\">La plupart des immeubles construits au sortir de la guerre contiennent de l&rsquo;amiante. Les immeubles de la Tour du Renard ne font pas exception ! M\u00eame si ce min\u00e9ral est peu pr\u00e9sent, avant toute d\u00e9construction, un d\u00e9samiantage doit imp\u00e9rativement \u00eatre r\u00e9alis\u00e9. Objectif : retirer l&rsquo;amiante pour prot\u00e9ger les ouvriers qui vont proc\u00e9der \u00e0 la d\u00e9construction des immeubles et <\/span><span style=\"font-size: 10.5pt; font-family: Arial; color: #202020; background-color: #ffffff; font-weight: 400; font-style: normal; font-variant: normal; text-decoration: none; vertical-align: baseline; white-space: pre-wrap;\">permettre le recyclage ou r\u00e9emploi des mat\u00e9riaux r\u00e9cup\u00e9r\u00e9s.\u00a0<\/span><span style=\"font-size: 10.5pt; font-family: Arial; color: #202020; background-color: #ffffff; font-weight: 400; font-style: normal; font-variant: normal; text-decoration: none; vertical-align: baseline; white-space: pre-wrap;\">Si l\u2019amiante pr\u00e9sente dans ces immeubles n&rsquo;\u00e9tait pas dangereuse pour les anciens habitants (car peu accessible), elle peut devenir dangereuse sous forme de poussi\u00e8re lors de la d\u00e9molition. L\u2019amiante identifi\u00e9e par les experts se trouve principalement dans la colle des rev\u00eatements de sol (lino, carrelage\u2026). Pour l\u2019enlever, il faut donc enlever les rev\u00eatements, poncer toute la colle, aspirer la moindre poussi\u00e8re en l\u2019ayant auparavant humidifi\u00e9e, placer les sacs de poussi\u00e8re \u00e9tanches dans des bacs r\u00e9serv\u00e9s \u00e0 cet usage puis les d\u00e9chets sont ensuite transport\u00e9s dans les normes vers le centre de traitement agr\u00e9\u00e9. C\u2019est un \u00e9norme chantier entrepris par des ouvriers sp\u00e9cialistes disposant d\u2019un \u00e9quipement de protection rigoureux. Les zones sont s\u00e9curis\u00e9es et cl\u00f4tur\u00e9es pour que seules les \u00e9quipes de d\u00e9samiantage interviennent.. Ces proc\u00e9dures sont soumises \u00e0 une r\u00e9glementation tr\u00e8s stricte pour ne prendre aucun risque pour la sant\u00e9 des ouvriers et des riverains.<\/span><\/p>\t\t\t\t\t\t<\/div>\n\t\t\t\t<\/div>\n\t\t\t\t\t<\/div>\n\t\t<\/div>\n\t\t\t\t\t\t\t<\/div>\n\t\t<\/section>\n\t\t\t\t<section class=\"elementor-section elementor-top-section elementor-element elementor-element-353fc6d elementor-section-boxed elementor-section-height-default elementor-section-height-default\" data-id=\"353fc6d\" data-element_type=\"section\">\n\t\t\t\t\t\t<div class=\"elementor-container elementor-column-gap-default\">\n\t\t\t\t\t<div class=\"elementor-column elementor-col-100 elementor-top-column elementor-element elementor-element-d52add3\" data-id=\"d52add3\" data-element_type=\"column\">\n\t\t\t<div class=\"elementor-widget-wrap elementor-element-populated\">\n\t\t\t\t\t\t\t\t<div class=\"elementor-element elementor-element-5e67e72 elementor-widget elementor-widget-spacer\" data-id=\"5e67e72\" data-element_type=\"widget\" data-widget_type=\"spacer.default\">\n\t\t\t\t<div class=\"elementor-widget-container\">\n\t\t\t\t\t<div class=\"elementor-spacer\">\n\t\t\t<div class=\"elementor-spacer-inner\"><\/div>\n\t\t<\/div>\n\t\t\t\t<\/div>\n\t\t\t\t<\/div>\n\t\t\t\t\t<\/div>\n\t\t<\/div>\n\t\t\t\t\t\t\t<\/div>\n\t\t<\/section>\n\t\t\t\t<section class=\"elementor-section elementor-top-section elementor-element elementor-element-49d81a2 elementor-section-boxed elementor-section-height-default elementor-section-height-default\" data-id=\"49d81a2\" data-element_type=\"section\">\n\t\t\t\t\t\t<div class=\"elementor-container elementor-column-gap-default\">\n\t\t\t\t\t<div class=\"elementor-column elementor-col-100 elementor-top-column elementor-element elementor-element-e13e052\" data-id=\"e13e052\" data-element_type=\"column\">\n\t\t\t<div class=\"elementor-widget-wrap elementor-element-populated\">\n\t\t\t\t\t\t\t\t<div class=\"elementor-element elementor-element-be6f7e3 elementor-widget elementor-widget-heading\" data-id=\"be6f7e3\" data-element_type=\"widget\" data-widget_type=\"heading.default\">\n\t\t\t\t<div class=\"elementor-widget-container\">\n\t\t\t<h2 class=\"elementor-heading-title elementor-size-large\">Septembre 2020 : Que sont devenus les anciens locataires ?\n<\/h2>\t\t<\/div>\n\t\t\t\t<\/div>\n\t\t\t\t\t<\/div>\n\t\t<\/div>\n\t\t\t\t\t\t\t<\/div>\n\t\t<\/section>\n\t\t\t\t<section class=\"elementor-section elementor-top-section elementor-element elementor-element-c9112cb elementor-section-boxed elementor-section-height-default elementor-section-height-default\" data-id=\"c9112cb\" data-element_type=\"section\">\n\t\t\t\t\t\t<div class=\"elementor-container elementor-column-gap-default\">\n\t\t\t\t\t<div class=\"elementor-column elementor-col-100 elementor-top-column elementor-element elementor-element-6053254\" data-id=\"6053254\" data-element_type=\"column\">\n\t\t\t<div class=\"elementor-widget-wrap elementor-element-populated\">\n\t\t\t\t\t\t\t\t<div class=\"elementor-element elementor-element-fd4ba52 elementor-widget elementor-widget-image\" data-id=\"fd4ba52\" data-element_type=\"widget\" data-widget_type=\"image.default\">\n\t\t\t\t<div class=\"elementor-widget-container\">\n\t\t\t\t\t\t\t\t\t\t\t\t\t\t\t<img loading=\"lazy\" decoding=\"async\" width=\"602\" height=\"380\" src=\"http:\/\/ville-outreau.fr\/mairie\/wp-content\/uploads\/2019\/12\/Capture-decran-2021-10-05-162841.jpg\" class=\"attachment-large size-large wp-image-4019\" alt=\"\" srcset=\"http:\/\/ville-outreau.fr\/mairie\/wp-content\/uploads\/2019\/12\/Capture-decran-2021-10-05-162841.jpg 602w, http:\/\/ville-outreau.fr\/mairie\/wp-content\/uploads\/2019\/12\/Capture-decran-2021-10-05-162841-300x189.jpg 300w\" sizes=\"(max-width: 602px) 100vw, 602px\" \/>\t\t\t\t\t\t\t\t\t\t\t\t\t\t\t<\/div>\n\t\t\t\t<\/div>\n\t\t\t\t\t<\/div>\n\t\t<\/div>\n\t\t\t\t\t\t\t<\/div>\n\t\t<\/section>\n\t\t\t\t<section class=\"elementor-section elementor-top-section elementor-element elementor-element-f92f15a elementor-section-boxed elementor-section-height-default elementor-section-height-default\" data-id=\"f92f15a\" data-element_type=\"section\">\n\t\t\t\t\t\t<div class=\"elementor-container elementor-column-gap-default\">\n\t\t\t\t\t<div class=\"elementor-column elementor-col-100 elementor-top-column elementor-element elementor-element-4dd8650\" data-id=\"4dd8650\" data-element_type=\"column\">\n\t\t\t<div class=\"elementor-widget-wrap elementor-element-populated\">\n\t\t\t\t\t\t\t\t<div class=\"elementor-element elementor-element-3de6486 elementor-widget elementor-widget-text-editor\" data-id=\"3de6486\" data-element_type=\"widget\" data-widget_type=\"text-editor.default\">\n\t\t\t\t<div class=\"elementor-widget-container\">\n\t\t\t\t\t\t\t<p>Au lancement de l\u2019op\u00e9ration, <b>il y avait 279 appartements en location<\/b> sans compter ceux du foyer EPDAHA. Une partie des locataires a quitt\u00e9 spontan\u00e9ment son logement pour s\u2019installer dans un autre (public ou priv\u00e9) plus adapt\u00e9 \u00e0 leur projet de vie, dans l\u2019agglom\u00e9ration Boulonnaise, voire plus loin.\u00a0<\/p><p><br \/>Depuis 2018, des r\u00e9unions mensuelles entre le bailleur (Pas-de-Calais habitat) et la Ville d\u2019Outreau ont permis de recevoir chacun des 179 locataires restants pour les accompagner et leur proposer une mutation dans un logement adapt\u00e9 \u00e0 la composition de la famille et \u00e0 ses ressources. Finalement, 147 anciens locataires ont choisi de rester dans le parc de Pas-de-Calais habitat, \u00e0 Outreau ou dans l\u2019agglom\u00e9ration. <b>Le dernier locataire a quitt\u00e9 le quartier de la Tour du Renard le 15 ao\u00fbt 2020<\/b>.<\/p>\t\t\t\t\t\t<\/div>\n\t\t\t\t<\/div>\n\t\t\t\t\t<\/div>\n\t\t<\/div>\n\t\t\t\t\t\t\t<\/div>\n\t\t<\/section>\n\t\t\t\t<section class=\"elementor-section elementor-top-section elementor-element elementor-element-4337f53 elementor-section-boxed elementor-section-height-default elementor-section-height-default\" data-id=\"4337f53\" data-element_type=\"section\">\n\t\t\t\t\t\t<div class=\"elementor-container elementor-column-gap-default\">\n\t\t\t\t\t<div class=\"elementor-column elementor-col-100 elementor-top-column elementor-element elementor-element-a9cccf7\" data-id=\"a9cccf7\" data-element_type=\"column\">\n\t\t\t<div class=\"elementor-widget-wrap elementor-element-populated\">\n\t\t\t\t\t\t\t\t<div class=\"elementor-element elementor-element-8b2abe7 elementor-widget elementor-widget-spacer\" data-id=\"8b2abe7\" data-element_type=\"widget\" data-widget_type=\"spacer.default\">\n\t\t\t\t<div class=\"elementor-widget-container\">\n\t\t\t\t\t<div class=\"elementor-spacer\">\n\t\t\t<div class=\"elementor-spacer-inner\"><\/div>\n\t\t<\/div>\n\t\t\t\t<\/div>\n\t\t\t\t<\/div>\n\t\t\t\t\t<\/div>\n\t\t<\/div>\n\t\t\t\t\t\t\t<\/div>\n\t\t<\/section>\n\t\t\t\t<section class=\"elementor-section elementor-top-section elementor-element elementor-element-26843cc elementor-section-boxed elementor-section-height-default elementor-section-height-default\" data-id=\"26843cc\" data-element_type=\"section\">\n\t\t\t\t\t\t<div class=\"elementor-container elementor-column-gap-default\">\n\t\t\t\t\t<div class=\"elementor-column elementor-col-100 elementor-top-column elementor-element elementor-element-dea7c43\" data-id=\"dea7c43\" data-element_type=\"column\">\n\t\t\t<div class=\"elementor-widget-wrap elementor-element-populated\">\n\t\t\t\t\t\t\t\t<div class=\"elementor-element elementor-element-21da5fb elementor-widget elementor-widget-heading\" data-id=\"21da5fb\" data-element_type=\"widget\" data-widget_type=\"heading.default\">\n\t\t\t\t<div class=\"elementor-widget-container\">\n\t\t\t<h2 class=\"elementor-heading-title elementor-size-large\">Juillet 2020 : Zoom sur le curage\n<\/h2>\t\t<\/div>\n\t\t\t\t<\/div>\n\t\t\t\t\t<\/div>\n\t\t<\/div>\n\t\t\t\t\t\t\t<\/div>\n\t\t<\/section>\n\t\t\t\t<section class=\"elementor-section elementor-top-section elementor-element elementor-element-64e8100 elementor-section-boxed elementor-section-height-default elementor-section-height-default\" data-id=\"64e8100\" data-element_type=\"section\">\n\t\t\t\t\t\t<div class=\"elementor-container elementor-column-gap-default\">\n\t\t\t\t\t<div class=\"elementor-column elementor-col-100 elementor-top-column elementor-element elementor-element-1c40471\" data-id=\"1c40471\" data-element_type=\"column\">\n\t\t\t<div class=\"elementor-widget-wrap elementor-element-populated\">\n\t\t\t\t\t\t\t\t<div class=\"elementor-element elementor-element-b8f0576 elementor-widget elementor-widget-text-editor\" data-id=\"b8f0576\" data-element_type=\"widget\" data-widget_type=\"text-editor.default\">\n\t\t\t\t<div class=\"elementor-widget-container\">\n\t\t\t\t\t\t\t<p><b>Le curage est une des \u00e9tapes de la d\u00e9construction d\u2019un immeuble.\u00a0<\/b><\/p><p>La d\u00e9construction n\u00e9cessite un travail plus m\u00e9ticuleux que la d\u00e9molition. Elle est faite par des entreprises et un personnel plus sp\u00e9cialis\u00e9s. C\u2019est une destruction s\u00e9lective et r\u00e9fl\u00e9chie des immeubles, en vue d\u2019en recycler ou r\u00e9utiliser tout ou partie des mat\u00e9riaux. Son objectif est de <i>\u00ab valoriser les d\u00e9chets et de r\u00e9duire les mises \u00e0 la d\u00e9charge \u00bb<\/i>.\u00a0<\/p><p>\u00a0<\/p><p>Le curage consiste \u00e0 d\u00e9monter, enlever et trier tous les mat\u00e9riaux pr\u00e9sents dans le b\u00e2timent. Il s\u2019agit des cloisons, plafonds, portes, menuiseries, installations \u00e9lectriques et sanitaires\u2026 Tous ces \u00e9l\u00e9ments sont tri\u00e9s par type de mat\u00e9riaux, conditionn\u00e9s et \u00e9vacu\u00e9s en direction des fili\u00e8res professionnelles de r\u00e9emploi, recyclage ou valoris\u00e9s. Pour un immeuble en b\u00e9ton de cinq \u00e9tages, le curage et d\u00e9samiantage permet de s\u00e9parer les 10% de d\u00e9chets ultimes non valorisables des 90% de d\u00e9chets valorisables dont le b\u00e9ton.\u00a0<\/p><p>Une fois le curage r\u00e9alis\u00e9, ce sera enfin le tour de la d\u00e9molition des \u00e9l\u00e9ments de structure\u2026par grignotage.<\/p>\t\t\t\t\t\t<\/div>\n\t\t\t\t<\/div>\n\t\t\t\t\t<\/div>\n\t\t<\/div>\n\t\t\t\t\t\t\t<\/div>\n\t\t<\/section>\n\t\t\t\t<section class=\"elementor-section elementor-top-section elementor-element elementor-element-1fb81f0 elementor-section-boxed elementor-section-height-default elementor-section-height-default\" data-id=\"1fb81f0\" data-element_type=\"section\">\n\t\t\t\t\t\t<div class=\"elementor-container elementor-column-gap-default\">\n\t\t\t\t\t<div class=\"elementor-column elementor-col-100 elementor-top-column elementor-element elementor-element-774b066\" data-id=\"774b066\" data-element_type=\"column\">\n\t\t\t<div class=\"elementor-widget-wrap elementor-element-populated\">\n\t\t\t\t\t\t\t\t<div class=\"elementor-element elementor-element-d9eb94d elementor-widget elementor-widget-image\" data-id=\"d9eb94d\" data-element_type=\"widget\" data-widget_type=\"image.default\">\n\t\t\t\t<div class=\"elementor-widget-container\">\n\t\t\t\t\t\t\t\t\t\t\t\t\t\t\t<img loading=\"lazy\" decoding=\"async\" width=\"590\" height=\"158\" src=\"http:\/\/ville-outreau.fr\/mairie\/wp-content\/uploads\/2019\/12\/Capture-decran-2021-10-05-163140.jpg\" class=\"attachment-large size-large wp-image-4023\" alt=\"\" srcset=\"http:\/\/ville-outreau.fr\/mairie\/wp-content\/uploads\/2019\/12\/Capture-decran-2021-10-05-163140.jpg 590w, http:\/\/ville-outreau.fr\/mairie\/wp-content\/uploads\/2019\/12\/Capture-decran-2021-10-05-163140-300x80.jpg 300w\" sizes=\"(max-width: 590px) 100vw, 590px\" \/>\t\t\t\t\t\t\t\t\t\t\t\t\t\t\t<\/div>\n\t\t\t\t<\/div>\n\t\t\t\t\t<\/div>\n\t\t<\/div>\n\t\t\t\t\t\t\t<\/div>\n\t\t<\/section>\n\t\t\t\t<section class=\"elementor-section elementor-top-section elementor-element elementor-element-5f6e0f8 elementor-section-boxed elementor-section-height-default elementor-section-height-default\" data-id=\"5f6e0f8\" data-element_type=\"section\">\n\t\t\t\t\t\t<div class=\"elementor-container elementor-column-gap-default\">\n\t\t\t\t\t<div class=\"elementor-column elementor-col-100 elementor-top-column elementor-element elementor-element-7a40889\" data-id=\"7a40889\" data-element_type=\"column\">\n\t\t\t<div class=\"elementor-widget-wrap elementor-element-populated\">\n\t\t\t\t\t\t\t\t<div class=\"elementor-element elementor-element-5c8e50c elementor-widget elementor-widget-heading\" data-id=\"5c8e50c\" data-element_type=\"widget\" data-widget_type=\"heading.default\">\n\t\t\t\t<div class=\"elementor-widget-container\">\n\t\t\t<h2 class=\"elementor-heading-title elementor-size-large\">Juillet 2020 : Impact emploi local\n<\/h2>\t\t<\/div>\n\t\t\t\t<\/div>\n\t\t\t\t\t<\/div>\n\t\t<\/div>\n\t\t\t\t\t\t\t<\/div>\n\t\t<\/section>\n\t\t\t\t<section class=\"elementor-section elementor-top-section elementor-element elementor-element-0f65930 elementor-section-boxed elementor-section-height-default elementor-section-height-default\" data-id=\"0f65930\" data-element_type=\"section\">\n\t\t\t\t\t\t<div class=\"elementor-container elementor-column-gap-default\">\n\t\t\t\t\t<div class=\"elementor-column elementor-col-100 elementor-top-column elementor-element elementor-element-8dd9e62\" data-id=\"8dd9e62\" data-element_type=\"column\">\n\t\t\t<div class=\"elementor-widget-wrap elementor-element-populated\">\n\t\t\t\t\t\t\t\t<div class=\"elementor-element elementor-element-fb35616 elementor-widget elementor-widget-text-editor\" data-id=\"fb35616\" data-element_type=\"widget\" data-widget_type=\"text-editor.default\">\n\t\t\t\t<div class=\"elementor-widget-container\">\n\t\t\t\t\t\t\t<p><b>20600 heures de travail<\/b><\/p><p>C&rsquo;est l\u2019estimation du nombre d\u2019heures de travail que la \u201cclause d\u2019insertion*\u201d impose \u00e0 l&rsquo;ensemble des entreprises qui vont intervenir sur chantier de la Tour du Renard. 20600 heures, cela correspond \u00e0 environ 24 emplois \u00e0 mi-temps sur un an. Ces emplois d\u2019insertion vont permettre \u00e0 des personnes du territoire, \u00e9loign\u00e9es de l\u2019emploi et suivies par une structure d\u2019insertion, de se retrouver en condition de travail r\u00e9el, dans une des entreprises intervenant sur le projet. C\u2018est une grande opportunit\u00e9 de faire sa place dans l\u2019entreprise, de se qualifier en se formant aux techniques. La majorit\u00e9 de ces \u201crecrutements\u201d vont concerner les chantiers d\u2019am\u00e9nagement et de construction des futurs logements.<\/p><p><b>* Clause d\u2019insertion<\/b><\/p><p>\u00a0<\/p><p><i>Les <\/i><b><i>clauses<\/i><\/b><i> sociales d&rsquo;<\/i><b><i>insertion<\/i><\/b><i> sont un dispositif juridique permettant d&rsquo;int\u00e9grer des consid\u00e9rations li\u00e9es \u00e0 la lutte contre le ch\u00f4mage et les exclusions dans les appels d&rsquo;offres publics. Elle impose \u00e0 l&rsquo;entreprise qui remporte un march\u00e9 public d&#8217;embaucher un pourcentage de personnes en insertion professionnelle pour la r\u00e9alisation du march\u00e9. Cela permet de soutenir<\/i><b><i> l&#8217;emploi local par une insertion durable et de d\u00e9velopper des coop\u00e9rations avec les entreprises locales sur les questions de l&#8217;emploi.<\/i><\/b><\/p>\t\t\t\t\t\t<\/div>\n\t\t\t\t<\/div>\n\t\t\t\t\t<\/div>\n\t\t<\/div>\n\t\t\t\t\t\t\t<\/div>\n\t\t<\/section>\n\t\t\t\t<section class=\"elementor-section elementor-top-section elementor-element elementor-element-5e062b8 elementor-section-boxed elementor-section-height-default elementor-section-height-default\" data-id=\"5e062b8\" data-element_type=\"section\">\n\t\t\t\t\t\t<div class=\"elementor-container elementor-column-gap-default\">\n\t\t\t\t\t<div class=\"elementor-column elementor-col-100 elementor-top-column elementor-element elementor-element-ece97e4\" data-id=\"ece97e4\" data-element_type=\"column\">\n\t\t\t<div class=\"elementor-widget-wrap elementor-element-populated\">\n\t\t\t\t\t\t\t\t<div class=\"elementor-element elementor-element-cd850fc elementor-widget elementor-widget-spacer\" data-id=\"cd850fc\" data-element_type=\"widget\" data-widget_type=\"spacer.default\">\n\t\t\t\t<div class=\"elementor-widget-container\">\n\t\t\t\t\t<div class=\"elementor-spacer\">\n\t\t\t<div class=\"elementor-spacer-inner\"><\/div>\n\t\t<\/div>\n\t\t\t\t<\/div>\n\t\t\t\t<\/div>\n\t\t\t\t\t<\/div>\n\t\t<\/div>\n\t\t\t\t\t\t\t<\/div>\n\t\t<\/section>\n\t\t\t\t<section class=\"elementor-section elementor-top-section elementor-element elementor-element-ffa21e2 elementor-section-boxed elementor-section-height-default elementor-section-height-default\" data-id=\"ffa21e2\" data-element_type=\"section\">\n\t\t\t\t\t\t<div class=\"elementor-container elementor-column-gap-default\">\n\t\t\t\t\t<div class=\"elementor-column elementor-col-100 elementor-top-column elementor-element elementor-element-4ccc16b\" data-id=\"4ccc16b\" data-element_type=\"column\">\n\t\t\t<div class=\"elementor-widget-wrap elementor-element-populated\">\n\t\t\t\t\t\t\t\t<div class=\"elementor-element elementor-element-9fb100f elementor-widget elementor-widget-heading\" data-id=\"9fb100f\" data-element_type=\"widget\" data-widget_type=\"heading.default\">\n\t\t\t\t<div class=\"elementor-widget-container\">\n\t\t\t<h2 class=\"elementor-heading-title elementor-size-large\">Juin 2020 : T\u00e9moignage d\u2019habitant\n<\/h2>\t\t<\/div>\n\t\t\t\t<\/div>\n\t\t\t\t\t<\/div>\n\t\t<\/div>\n\t\t\t\t\t\t\t<\/div>\n\t\t<\/section>\n\t\t\t\t<section class=\"elementor-section elementor-top-section elementor-element elementor-element-b32d644 elementor-section-boxed elementor-section-height-default elementor-section-height-default\" data-id=\"b32d644\" data-element_type=\"section\">\n\t\t\t\t\t\t<div class=\"elementor-container elementor-column-gap-default\">\n\t\t\t\t\t<div class=\"elementor-column elementor-col-100 elementor-top-column elementor-element elementor-element-91a194a\" data-id=\"91a194a\" data-element_type=\"column\">\n\t\t\t<div class=\"elementor-widget-wrap elementor-element-populated\">\n\t\t\t\t\t\t\t\t<div class=\"elementor-element elementor-element-19d33b5 elementor-widget elementor-widget-text-editor\" data-id=\"19d33b5\" data-element_type=\"widget\" data-widget_type=\"text-editor.default\">\n\t\t\t\t<div class=\"elementor-widget-container\">\n\t\t\t\t\t\t\t<p><i>En 2017, des \u00e9l\u00e8ves de 4\u00e8me du coll\u00e8ge Albert Camus d&rsquo;Outreau sont partis sur les traces du pass\u00e9 de La Tour du Renard. Des habitants leur ont confi\u00e9 leurs souvenirs les plus pr\u00e9cieux.\u00a0<\/i><\/p><p><b>Laurent Ducloy<\/b><\/p>\t\t\t\t\t\t<\/div>\n\t\t\t\t<\/div>\n\t\t\t\t\t<\/div>\n\t\t<\/div>\n\t\t\t\t\t\t\t<\/div>\n\t\t<\/section>\n\t\t\t\t<section class=\"elementor-section elementor-top-section elementor-element elementor-element-d7dda77 elementor-section-boxed elementor-section-height-default elementor-section-height-default\" data-id=\"d7dda77\" data-element_type=\"section\">\n\t\t\t\t\t\t<div class=\"elementor-container elementor-column-gap-default\">\n\t\t\t\t\t<div class=\"elementor-column elementor-col-100 elementor-top-column elementor-element elementor-element-e33cc99\" data-id=\"e33cc99\" data-element_type=\"column\">\n\t\t\t<div class=\"elementor-widget-wrap elementor-element-populated\">\n\t\t\t\t\t\t\t\t<div class=\"elementor-element elementor-element-4c18d6b elementor-widget elementor-widget-image\" data-id=\"4c18d6b\" data-element_type=\"widget\" data-widget_type=\"image.default\">\n\t\t\t\t<div class=\"elementor-widget-container\">\n\t\t\t\t\t\t\t\t\t\t\t\t\t\t\t<img loading=\"lazy\" decoding=\"async\" width=\"104\" height=\"135\" src=\"http:\/\/ville-outreau.fr\/mairie\/wp-content\/uploads\/2019\/12\/Capture-decran-2021-10-05-163557.jpg\" class=\"attachment-large size-large wp-image-4024\" alt=\"\" \/>\t\t\t\t\t\t\t\t\t\t\t\t\t\t\t<\/div>\n\t\t\t\t<\/div>\n\t\t\t\t\t<\/div>\n\t\t<\/div>\n\t\t\t\t\t\t\t<\/div>\n\t\t<\/section>\n\t\t\t\t<section class=\"elementor-section elementor-top-section elementor-element elementor-element-f45533a elementor-section-boxed elementor-section-height-default elementor-section-height-default\" data-id=\"f45533a\" data-element_type=\"section\">\n\t\t\t\t\t\t<div class=\"elementor-container elementor-column-gap-default\">\n\t\t\t\t\t<div class=\"elementor-column elementor-col-100 elementor-top-column elementor-element elementor-element-465c3f3\" data-id=\"465c3f3\" data-element_type=\"column\">\n\t\t\t<div class=\"elementor-widget-wrap elementor-element-populated\">\n\t\t\t\t\t\t\t\t<div class=\"elementor-element elementor-element-6c43e41 elementor-widget elementor-widget-text-editor\" data-id=\"6c43e41\" data-element_type=\"widget\" data-widget_type=\"text-editor.default\">\n\t\t\t\t<div class=\"elementor-widget-container\">\n\t\t\t\t\t\t\t<p>Laurent Ducloy est un habitant de La Tour du Renard tr\u00e8s impliqu\u00e9 dans la vie de son quartier. Membre du Conseil Citoyen, il fait partie de ces personnes qui s\u2019investissent et tentent de lui donner un nouvel \u00e9lan. <b>C\u2019est une image humaine, chaleureuse, g\u00e9n\u00e9reuse et conviviale qu\u2019il nous d\u00e9peint<\/b>. Pour lui, ce n\u2019est pas un simple quartier, il repr\u00e9sente vingt ans d\u2019une vie de pur bonheur. Jamais il ne regrettera d&rsquo;avoir v\u00e9cu l\u00e0-bas : bien au contraire. \u00ab Il fut une \u00e9poque o\u00f9 il y avait des f\u00eates de quartier, la ducasse, mais surtout les autres habitants\u2026 Mais m\u00eame si les gens partent, les souvenirs restent !\u00bb C\u2019est la larme \u00e0 l\u2019\u0153il qu\u2019il nous confie: \u00ab \u00c7a va \u00eatre tr\u00e8s dur ! Voir les premi\u00e8res grues, les premiers camions, les premiers murs tomber &#8230; surtout Les Hirondelles \u2026 c&rsquo;est l\u00e0 que j&rsquo;ai connu ma femme \u2026 \u00bb<\/p><p>\u00a0<\/p><p><b>Notre marin-p\u00eacheur pense pourtant qu&rsquo;il faut raser le quartier !<\/b> Selon lui, les b\u00e2timents sont trop v\u00e9tustes et l\u2019absence d&rsquo;ascenseurs exclut une certaine partie de la population. Il imagine un avenir meilleur pour les habitants, un futur dans de nouveaux b\u00e2timents\u2026\u00a0<\/p><p>\u00a0<\/p><p>Avec le Conseil Citoyen,\u00a0 il est all\u00e9 jusqu\u2019\u00e0 se d\u00e9placer dans la banlieue parisienne, \u00e0 Argenteuil ou Saint-Denis, afin de d\u00e9couvrir des quartiers qui avaient \u00e9t\u00e9 d\u00e9truits avant d\u2019\u00eatre reconstruits. On va refaire des choses qui existaient mais qu&rsquo;il n&rsquo;y a plus ! \u00bb, nous dit-il avec conviction. <b>Il souhaiterait retrouver l\u2019ambiance d\u2019antan, apercevoir \u00e0 nouveau les gens communiquer.\u00a0<\/b><\/p><p>La Tour du Renard gardera toujours le m\u00eame nom, l&rsquo;Outrelois nous le certifie.\u00a0<\/p><p>\u00a0<\/p><p>(extraits des propos recueillis en 2017)<\/p>\t\t\t\t\t\t<\/div>\n\t\t\t\t<\/div>\n\t\t\t\t\t<\/div>\n\t\t<\/div>\n\t\t\t\t\t\t\t<\/div>\n\t\t<\/section>\n\t\t\t\t<section class=\"elementor-section elementor-top-section elementor-element elementor-element-05ade52 elementor-section-boxed elementor-section-height-default elementor-section-height-default\" data-id=\"05ade52\" data-element_type=\"section\">\n\t\t\t\t\t\t<div class=\"elementor-container elementor-column-gap-default\">\n\t\t\t\t\t<div class=\"elementor-column elementor-col-100 elementor-top-column elementor-element elementor-element-9ed6607\" data-id=\"9ed6607\" data-element_type=\"column\">\n\t\t\t<div class=\"elementor-widget-wrap elementor-element-populated\">\n\t\t\t\t\t\t\t\t<div class=\"elementor-element elementor-element-0a4f277 elementor-widget elementor-widget-spacer\" data-id=\"0a4f277\" data-element_type=\"widget\" data-widget_type=\"spacer.default\">\n\t\t\t\t<div class=\"elementor-widget-container\">\n\t\t\t\t\t<div class=\"elementor-spacer\">\n\t\t\t<div class=\"elementor-spacer-inner\"><\/div>\n\t\t<\/div>\n\t\t\t\t<\/div>\n\t\t\t\t<\/div>\n\t\t\t\t\t<\/div>\n\t\t<\/div>\n\t\t\t\t\t\t\t<\/div>\n\t\t<\/section>\n\t\t\t\t<section class=\"elementor-section elementor-top-section elementor-element elementor-element-2a2a2744 elementor-section-boxed elementor-section-height-default elementor-section-height-default\" data-id=\"2a2a2744\" data-element_type=\"section\">\n\t\t\t\t\t\t<div class=\"elementor-container elementor-column-gap-default\">\n\t\t\t\t\t<div class=\"elementor-column elementor-col-100 elementor-top-column elementor-element elementor-element-351d6704\" data-id=\"351d6704\" data-element_type=\"column\">\n\t\t\t<div class=\"elementor-widget-wrap elementor-element-populated\">\n\t\t\t\t\t\t\t\t<div class=\"elementor-element elementor-element-790297e elementor-widget elementor-widget-heading\" data-id=\"790297e\" data-element_type=\"widget\" data-widget_type=\"heading.default\">\n\t\t\t\t<div class=\"elementor-widget-container\">\n\t\t\t<h2 class=\"elementor-heading-title elementor-size-large\">Septembre 2019 : Tour du Renard : le renouveau<\/h2>\t\t<\/div>\n\t\t\t\t<\/div>\n\t\t\t\t<div class=\"elementor-element elementor-element-02433cd elementor-widget elementor-widget-text-editor\" data-id=\"02433cd\" data-element_type=\"widget\" data-widget_type=\"text-editor.default\">\n\t\t\t\t<div class=\"elementor-widget-container\">\n\t\t\t\t\t\t\t<h4>Un b\u00e2timent d\u00e9saffect\u00e9\u00a0qui prenait de la place<\/h4><h4><strong style=\"font-size: 15px; color: #7a7a7a;\">L\u2019\u00e9cole maternelle du quartier \u00e9tait d\u00e9saffect\u00e9e depuis quelques ann\u00e9es, mais elle tenait encore une place importante dans le c\u0153ur des habitants. Ils ont \u00e9t\u00e9 tr\u00e8s nombreux \u00e0 venir lui faire des adieux lors d\u2019une belle et \u00e9mouvante f\u00eate cet \u00e9t\u00e9. Ce fut une occasion pour beaucoup de se rappeler des souvenirs partag\u00e9s. Que l\u2019on viennent des barres ou des maisons du quartier, tous partageaient la m\u00eame \u00e9cole! Les adieux \u00e9tant faits, l\u2019\u00e9cole a \u00e9t\u00e9 d\u00e9construite cet \u00e9t\u00e9. Elle laisse place maintenant \u00e0 un terrain vierge de 2926 m<sup>2<\/sup>, beaucoup plus grand que les voisins ne l\u2019imaginaient. On va y construire neuf maisons avec jardin.<\/strong><\/h4><p><b>O\u00f9 en est-on <\/b><b>dans le calendrier ?<\/b><\/p><p><strong>Si la convention qui d\u00e9finit la nature du projet et son financement est d\u00e9sormais finalis\u00e9e, cette op\u00e9ration d\u2019envergure \u00e9tant li\u00e9e \u00e0 une autre grosse op\u00e9ration d\u2019am\u00e9nagement sur Boulogne, la signature officielle de partenariat est programm\u00e9e en d\u00e9but d\u2019ann\u00e9e 2020.<\/strong><\/p><p><strong>La ville d\u2019Outreau n\u2019a pas attendu cette \u00e9ch\u00e9ance pour lancer une premi\u00e8re op\u00e9ration \u201cvitrine\u201d avec le chantier de l\u2019\u00eelot \u00e9cole. Pas-de-Calais Habitat finalise le relogement des derniers occupants et va programmer la d\u00e9construction des premi\u00e8res barres.<\/strong><\/p><p><strong>D\u00e9but 2020, tout va s\u2019acc\u00e9l\u00e9rer. \u00eelots par \u00eelots, les chantiers de d\u00e9molition et de nouvelles constructions sont programm\u00e9s, accompagn\u00e9s des travaux d\u2019am\u00e9lioration des voiries, d\u2019\u00e9clairage, de gestion des eaux, de cr\u00e9ation d\u2019espaces verts\u2026<\/strong><\/p>\t\t\t\t\t\t<\/div>\n\t\t\t\t<\/div>\n\t\t\t\t<div class=\"elementor-element elementor-element-23789a9 elementor-widget elementor-widget-image\" data-id=\"23789a9\" data-element_type=\"widget\" data-widget_type=\"image.default\">\n\t\t\t\t<div class=\"elementor-widget-container\">\n\t\t\t\t\t\t\t\t\t\t\t\t\t\t\t<img loading=\"lazy\" decoding=\"async\" width=\"1024\" height=\"646\" src=\"http:\/\/ville-outreau.fr\/mairie\/wp-content\/uploads\/2019\/06\/TDR-terrain-nu-apr\u00e8s-d\u00e9molition-\u00e9cole-1024x646.jpg\" class=\"attachment-large size-large wp-image-2212\" alt=\"\" srcset=\"http:\/\/ville-outreau.fr\/mairie\/wp-content\/uploads\/2019\/06\/TDR-terrain-nu-apr\u00e8s-d\u00e9molition-\u00e9cole-1024x646.jpg 1024w, http:\/\/ville-outreau.fr\/mairie\/wp-content\/uploads\/2019\/06\/TDR-terrain-nu-apr\u00e8s-d\u00e9molition-\u00e9cole-300x189.jpg 300w, http:\/\/ville-outreau.fr\/mairie\/wp-content\/uploads\/2019\/06\/TDR-terrain-nu-apr\u00e8s-d\u00e9molition-\u00e9cole-768x485.jpg 768w, http:\/\/ville-outreau.fr\/mairie\/wp-content\/uploads\/2019\/06\/TDR-terrain-nu-apr\u00e8s-d\u00e9molition-\u00e9cole.jpg 1890w\" sizes=\"(max-width: 1024px) 100vw, 1024px\" \/>\t\t\t\t\t\t\t\t\t\t\t\t\t\t\t<\/div>\n\t\t\t\t<\/div>\n\t\t\t\t<div class=\"elementor-element elementor-element-c75837e elementor-widget elementor-widget-spacer\" data-id=\"c75837e\" data-element_type=\"widget\" data-widget_type=\"spacer.default\">\n\t\t\t\t<div class=\"elementor-widget-container\">\n\t\t\t\t\t<div class=\"elementor-spacer\">\n\t\t\t<div class=\"elementor-spacer-inner\"><\/div>\n\t\t<\/div>\n\t\t\t\t<\/div>\n\t\t\t\t<\/div>\n\t\t\t\t<div class=\"elementor-element elementor-element-a3c44cd elementor-widget elementor-widget-heading\" data-id=\"a3c44cd\" data-element_type=\"widget\" data-widget_type=\"heading.default\">\n\t\t\t\t<div class=\"elementor-widget-container\">\n\t\t\t<h2 class=\"elementor-heading-title elementor-size-large\">Ao\u00fbt 2019 : Quartier Tour du Renard : la Ville amorce la m\u00e9tamorphose<\/h2>\t\t<\/div>\n\t\t\t\t<\/div>\n\t\t\t\t<div class=\"elementor-element elementor-element-14a1716 elementor-widget elementor-widget-image\" data-id=\"14a1716\" data-element_type=\"widget\" data-widget_type=\"image.default\">\n\t\t\t\t<div class=\"elementor-widget-container\">\n\t\t\t\t\t\t\t\t\t\t\t\t\t\t\t<img loading=\"lazy\" decoding=\"async\" width=\"992\" height=\"745\" src=\"http:\/\/ville-outreau.fr\/mairie\/wp-content\/uploads\/2018\/09\/TDR-De\u0301molition-e\u0301cole-1.jpg\" class=\"attachment-large size-large wp-image-2094\" alt=\"\" srcset=\"http:\/\/ville-outreau.fr\/mairie\/wp-content\/uploads\/2018\/09\/TDR-De\u0301molition-e\u0301cole-1.jpg 992w, http:\/\/ville-outreau.fr\/mairie\/wp-content\/uploads\/2018\/09\/TDR-De\u0301molition-e\u0301cole-1-300x225.jpg 300w, http:\/\/ville-outreau.fr\/mairie\/wp-content\/uploads\/2018\/09\/TDR-De\u0301molition-e\u0301cole-1-768x577.jpg 768w\" sizes=\"(max-width: 992px) 100vw, 992px\" \/>\t\t\t\t\t\t\t\t\t\t\t\t\t\t\t<\/div>\n\t\t\t\t<\/div>\n\t\t\t\t<div class=\"elementor-element elementor-element-35e3855 elementor-widget elementor-widget-text-editor\" data-id=\"35e3855\" data-element_type=\"widget\" data-widget_type=\"text-editor.default\">\n\t\t\t\t<div class=\"elementor-widget-container\">\n\t\t\t\t\t\t\t<p class=\"p1\">Le projet du nouveau quartier Tour du Renard est en bonne voie. En partenariat avec le bailleur Pas-de-Calais Habitat, il s\u2019inscrit dans le cadre des op\u00e9rations ANRU du territoire boulonnais et b\u00e9n\u00e9ficie d\u2019un soutien financier important de la part de l\u2019Agence Nationale de la R\u00e9novation Urbaine, des services<span class=\"Apple-converted-space\">\u00a0 <\/span>de l\u2019Etat et de la R\u00e9gion Haut de France. Il s\u2019agit d\u2019un dossier tr\u00e8s technique dont les contours financiers et administratifs sont pratiquement d\u00e9finis. C\u2019est le fruit d\u2019un v\u00e9ritable combat et d\u2019un engagement de l\u2019\u00e9quipe municipale port\u00e9 par Th\u00e9r\u00e8se Guilbert,<span class=\"Apple-converted-space\">\u00a0 <\/span>ancien maire <span class=\"Apple-converted-space\">\u00a0 <\/span>et de son maire actuel S\u00e9bastien Chochois afin de reconna\u00eetre la dette morale de l\u2019Etat envers notre ville et ses habitants suite \u00e0 l\u2019affaire d\u2019Outreau.<\/p><p class=\"p3\"><b>Vers un nouveau quartier financ\u00e9 \u00e0 70% par l\u2019Etat et la R\u00e9gion<\/b><\/p><p class=\"p1\">Ce message, les services de l\u2019Etat l\u2019ont entendu. La pugnacit\u00e9 de la municipalit\u00e9 a permis de faire reconna\u00eetre ce projet parmi les dossiers prioritaires du Pas-de-Calais \u00e0 un taux de subvention Etat\/R\u00e9gion in\u00e9gal\u00e9 (plus de 70%). Un volet important concernant la d\u00e9molition et la reconstruction<span class=\"Apple-converted-space\">\u00a0 <\/span>des immeubles est du ressort du bailleur social Pas-de-Calais Habitat<span class=\"Apple-converted-space\">\u00a0 <\/span>qui travaille en \u00e9troite collaboration avec la municipalit\u00e9 . Il ne s\u2019agit donc pas de \u00ab\u00a0laisser des friches\u00a0\u00bb mais bien de r\u00e9inventer un nouveau quartier. Pour rendre le quartier \u00e0 nouveau attractif , la commune souhaite diversifier les types d\u2019habitation. Fini le tout HLM\u00a0.\u00a0<b><i>\u00abNous voulons<span class=\"Apple-converted-space\">\u00a0 <\/span>alterner logements et maisons de plain pied, proposer du locatif et de la vente dans un quartier attractif<span class=\"Apple-converted-space\">\u00a0 <\/span>et nouvellement pens\u00e9\u00bb<\/i><\/b>, explique S\u00e9bastien Chochois<\/p><p class=\"p1\">Un<span class=\"Apple-converted-space\">\u00a0 <\/span>nouvel \u00e9quipement type maison de services pourrait aussi voir le jour.Propri\u00e9taire du terrain de l\u2019ancienne \u00e9cole de la Tour du Renard, la ville a d\u00e9cid\u00e9 de lancer cette premi\u00e8re op\u00e9ration qui verra la construction de 9 maisons avec jardin en accession sociale par l\u2019op\u00e9rateur Coopartois, en conformit\u00e9 avec l\u2019esprit du projet global pour le futur quartier .L\u2019organisme d\u2019utilit\u00e9 sociale en faveur des salari\u00e9s et des entreprises en mati\u00e8re de logements &#8211; Action Logement &#8211;<span class=\"Apple-converted-space\">\u00a0 <\/span>ne s\u2019est pas tromp\u00e9 et souhaite investir \u00e0 Outreau<span class=\"Apple-converted-space\">\u00a0 <\/span>C\u2019est une premi\u00e8re dans le Boulonnais et c\u2019est la qualit\u00e9 de vie de notre ville et du niveau de nos infrastructures qui les a s\u00e9duit\u00a0! En pr\u00e9liminaire de ce qui est un \u00e9v\u00e8nement pour le futur proche d\u2019Outreau, l\u2019invitation faite aux anciens de l\u2019\u00e9cole, aux associations et habitants qui sont venus t\u00e9moigner de leur attachement au quartier. Le suivi des chantiers sera pr\u00e9sent\u00e9 au fil du temps sur la page facebook Ville d\u2019Outreau.<\/p>\t\t\t\t\t\t<\/div>\n\t\t\t\t<\/div>\n\t\t\t\t\t<\/div>\n\t\t<\/div>\n\t\t\t\t\t\t\t<\/div>\n\t\t<\/section>\n\t\t\t\t<section class=\"elementor-section elementor-top-section elementor-element elementor-element-5cc6b47 elementor-section-boxed elementor-section-height-default elementor-section-height-default\" data-id=\"5cc6b47\" data-element_type=\"section\">\n\t\t\t\t\t\t<div class=\"elementor-container elementor-column-gap-default\">\n\t\t\t\t\t<div class=\"elementor-column elementor-col-100 elementor-top-column elementor-element elementor-element-80fd22f\" data-id=\"80fd22f\" data-element_type=\"column\">\n\t\t\t<div class=\"elementor-widget-wrap elementor-element-populated\">\n\t\t\t\t\t\t\t\t<div class=\"elementor-element elementor-element-6fe27bb elementor-widget elementor-widget-spacer\" data-id=\"6fe27bb\" data-element_type=\"widget\" data-widget_type=\"spacer.default\">\n\t\t\t\t<div class=\"elementor-widget-container\">\n\t\t\t\t\t<div class=\"elementor-spacer\">\n\t\t\t<div class=\"elementor-spacer-inner\"><\/div>\n\t\t<\/div>\n\t\t\t\t<\/div>\n\t\t\t\t<\/div>\n\t\t\t\t\t<\/div>\n\t\t<\/div>\n\t\t\t\t\t\t\t<\/div>\n\t\t<\/section>\n\t\t\t\t<section class=\"elementor-section elementor-top-section elementor-element elementor-element-6936326 elementor-section-boxed elementor-section-height-default elementor-section-height-default\" data-id=\"6936326\" data-element_type=\"section\">\n\t\t\t\t\t\t<div class=\"elementor-container elementor-column-gap-default\">\n\t\t\t\t\t<div class=\"elementor-column elementor-col-100 elementor-top-column elementor-element elementor-element-05032bc\" data-id=\"05032bc\" data-element_type=\"column\">\n\t\t\t<div class=\"elementor-widget-wrap elementor-element-populated\">\n\t\t\t\t\t\t\t\t<div class=\"elementor-element elementor-element-565d6b4 elementor-widget elementor-widget-heading\" data-id=\"565d6b4\" data-element_type=\"widget\" data-widget_type=\"heading.default\">\n\t\t\t\t<div class=\"elementor-widget-container\">\n\t\t\t<h2 class=\"elementor-heading-title elementor-size-large\">Mai 2019 : F\u00eate \u00e0 l'ancienne \u00e9cole TDR<\/h2>\t\t<\/div>\n\t\t\t\t<\/div>\n\t\t\t\t\t<\/div>\n\t\t<\/div>\n\t\t\t\t\t\t\t<\/div>\n\t\t<\/section>\n\t\t\t\t<section class=\"elementor-section elementor-top-section elementor-element elementor-element-7d32248 elementor-section-boxed elementor-section-height-default elementor-section-height-default\" data-id=\"7d32248\" data-element_type=\"section\">\n\t\t\t\t\t\t<div class=\"elementor-container elementor-column-gap-default\">\n\t\t\t\t\t<div class=\"elementor-column elementor-col-50 elementor-top-column elementor-element elementor-element-04ebd74\" data-id=\"04ebd74\" data-element_type=\"column\">\n\t\t\t<div class=\"elementor-widget-wrap elementor-element-populated\">\n\t\t\t\t\t\t\t\t<div class=\"elementor-element elementor-element-a13e4cd elementor-widget elementor-widget-image\" data-id=\"a13e4cd\" data-element_type=\"widget\" data-widget_type=\"image.default\">\n\t\t\t\t<div class=\"elementor-widget-container\">\n\t\t\t\t\t\t\t\t\t\t\t\t\t\t\t<img loading=\"lazy\" decoding=\"async\" width=\"1024\" height=\"659\" src=\"http:\/\/ville-outreau.fr\/mairie\/wp-content\/uploads\/2020\/02\/TDR-expo-mai-2019-2-1024x659.jpg\" class=\"attachment-large size-large wp-image-2448\" alt=\"\" srcset=\"http:\/\/ville-outreau.fr\/mairie\/wp-content\/uploads\/2020\/02\/TDR-expo-mai-2019-2-1024x659.jpg 1024w, http:\/\/ville-outreau.fr\/mairie\/wp-content\/uploads\/2020\/02\/TDR-expo-mai-2019-2-300x193.jpg 300w, http:\/\/ville-outreau.fr\/mairie\/wp-content\/uploads\/2020\/02\/TDR-expo-mai-2019-2-768x494.jpg 768w, http:\/\/ville-outreau.fr\/mairie\/wp-content\/uploads\/2020\/02\/TDR-expo-mai-2019-2.jpg 1134w\" sizes=\"(max-width: 1024px) 100vw, 1024px\" \/>\t\t\t\t\t\t\t\t\t\t\t\t\t\t\t<\/div>\n\t\t\t\t<\/div>\n\t\t\t\t\t<\/div>\n\t\t<\/div>\n\t\t\t\t<div class=\"elementor-column elementor-col-50 elementor-top-column elementor-element elementor-element-2cb6218\" data-id=\"2cb6218\" data-element_type=\"column\">\n\t\t\t<div class=\"elementor-widget-wrap elementor-element-populated\">\n\t\t\t\t\t\t\t\t<div class=\"elementor-element elementor-element-327add8 elementor-widget elementor-widget-image\" data-id=\"327add8\" data-element_type=\"widget\" data-widget_type=\"image.default\">\n\t\t\t\t<div class=\"elementor-widget-container\">\n\t\t\t\t\t\t\t\t\t\t\t\t\t\t\t<img loading=\"lazy\" decoding=\"async\" width=\"1024\" height=\"631\" src=\"http:\/\/ville-outreau.fr\/mairie\/wp-content\/uploads\/2020\/02\/TDR-F\u00eate-\u00e0-l\u00e9cole-juin-2019-1024x631.jpg\" class=\"attachment-large size-large wp-image-2450\" alt=\"\" srcset=\"http:\/\/ville-outreau.fr\/mairie\/wp-content\/uploads\/2020\/02\/TDR-F\u00eate-\u00e0-l\u00e9cole-juin-2019-1024x631.jpg 1024w, http:\/\/ville-outreau.fr\/mairie\/wp-content\/uploads\/2020\/02\/TDR-F\u00eate-\u00e0-l\u00e9cole-juin-2019-300x185.jpg 300w, http:\/\/ville-outreau.fr\/mairie\/wp-content\/uploads\/2020\/02\/TDR-F\u00eate-\u00e0-l\u00e9cole-juin-2019-768x473.jpg 768w, http:\/\/ville-outreau.fr\/mairie\/wp-content\/uploads\/2020\/02\/TDR-F\u00eate-\u00e0-l\u00e9cole-juin-2019.jpg 1134w\" sizes=\"(max-width: 1024px) 100vw, 1024px\" \/>\t\t\t\t\t\t\t\t\t\t\t\t\t\t\t<\/div>\n\t\t\t\t<\/div>\n\t\t\t\t\t<\/div>\n\t\t<\/div>\n\t\t\t\t\t\t\t<\/div>\n\t\t<\/section>\n\t\t\t\t<section class=\"elementor-section elementor-top-section elementor-element elementor-element-3fb6396 elementor-section-boxed elementor-section-height-default elementor-section-height-default\" data-id=\"3fb6396\" data-element_type=\"section\">\n\t\t\t\t\t\t<div class=\"elementor-container elementor-column-gap-default\">\n\t\t\t\t\t<div class=\"elementor-column elementor-col-50 elementor-top-column elementor-element elementor-element-0b65248\" data-id=\"0b65248\" data-element_type=\"column\">\n\t\t\t<div class=\"elementor-widget-wrap elementor-element-populated\">\n\t\t\t\t\t\t\t\t<div class=\"elementor-element elementor-element-b2baabb elementor-widget elementor-widget-text-editor\" data-id=\"b2baabb\" data-element_type=\"widget\" data-widget_type=\"text-editor.default\">\n\t\t\t\t<div class=\"elementor-widget-container\">\n\t\t\t\t\t\t\t<p style=\"text-align: center;\">F\u00eate \u00e0 la TDR, expo ancienne \u00e9cole mai 2019<\/p>\t\t\t\t\t\t<\/div>\n\t\t\t\t<\/div>\n\t\t\t\t\t<\/div>\n\t\t<\/div>\n\t\t\t\t<div class=\"elementor-column elementor-col-50 elementor-top-column elementor-element elementor-element-007d318\" data-id=\"007d318\" data-element_type=\"column\">\n\t\t\t<div class=\"elementor-widget-wrap elementor-element-populated\">\n\t\t\t\t\t\t\t\t<div class=\"elementor-element elementor-element-ca33d4a elementor-widget elementor-widget-text-editor\" data-id=\"ca33d4a\" data-element_type=\"widget\" data-widget_type=\"text-editor.default\">\n\t\t\t\t<div class=\"elementor-widget-container\">\n\t\t\t\t\t\t\t<p style=\"text-align: center;\">Mai 2019 f\u00eate \u00e0 l&rsquo;ancienne \u00e9cole TDR<\/p>\t\t\t\t\t\t<\/div>\n\t\t\t\t<\/div>\n\t\t\t\t\t<\/div>\n\t\t<\/div>\n\t\t\t\t\t\t\t<\/div>\n\t\t<\/section>\n\t\t\t\t<section class=\"elementor-section elementor-top-section elementor-element elementor-element-4065a07 elementor-section-boxed elementor-section-height-default elementor-section-height-default\" data-id=\"4065a07\" data-element_type=\"section\">\n\t\t\t\t\t\t<div class=\"elementor-container elementor-column-gap-default\">\n\t\t\t\t\t<div class=\"elementor-column elementor-col-50 elementor-top-column elementor-element elementor-element-a1f00f8\" data-id=\"a1f00f8\" data-element_type=\"column\">\n\t\t\t<div class=\"elementor-widget-wrap elementor-element-populated\">\n\t\t\t\t\t\t\t\t<div class=\"elementor-element elementor-element-b76601e elementor-widget elementor-widget-image\" data-id=\"b76601e\" data-element_type=\"widget\" data-widget_type=\"image.default\">\n\t\t\t\t<div class=\"elementor-widget-container\">\n\t\t\t\t\t\t\t\t\t\t\t\t\t\t\t<img loading=\"lazy\" decoding=\"async\" width=\"1024\" height=\"541\" src=\"http:\/\/ville-outreau.fr\/mairie\/wp-content\/uploads\/2020\/02\/TDR-expo-mai-2019-3-1024x541.jpg\" class=\"attachment-large size-large wp-image-2449\" alt=\"\" srcset=\"http:\/\/ville-outreau.fr\/mairie\/wp-content\/uploads\/2020\/02\/TDR-expo-mai-2019-3-1024x541.jpg 1024w, http:\/\/ville-outreau.fr\/mairie\/wp-content\/uploads\/2020\/02\/TDR-expo-mai-2019-3-300x158.jpg 300w, http:\/\/ville-outreau.fr\/mairie\/wp-content\/uploads\/2020\/02\/TDR-expo-mai-2019-3-768x406.jpg 768w, http:\/\/ville-outreau.fr\/mairie\/wp-content\/uploads\/2020\/02\/TDR-expo-mai-2019-3.jpg 1134w\" sizes=\"(max-width: 1024px) 100vw, 1024px\" \/>\t\t\t\t\t\t\t\t\t\t\t\t\t\t\t<\/div>\n\t\t\t\t<\/div>\n\t\t\t\t\t<\/div>\n\t\t<\/div>\n\t\t\t\t<div class=\"elementor-column elementor-col-50 elementor-top-column elementor-element elementor-element-a218b89\" data-id=\"a218b89\" data-element_type=\"column\">\n\t\t\t<div class=\"elementor-widget-wrap elementor-element-populated\">\n\t\t\t\t\t\t\t\t<div class=\"elementor-element elementor-element-48d351b elementor-widget elementor-widget-image\" data-id=\"48d351b\" data-element_type=\"widget\" data-widget_type=\"image.default\">\n\t\t\t\t<div class=\"elementor-widget-container\">\n\t\t\t\t\t\t\t\t\t\t\t\t\t\t\t<img loading=\"lazy\" decoding=\"async\" width=\"1024\" height=\"631\" src=\"http:\/\/ville-outreau.fr\/mairie\/wp-content\/uploads\/2019\/12\/tdr-1024x631.jpg\" class=\"attachment-large size-large wp-image-4051\" alt=\"\" srcset=\"http:\/\/ville-outreau.fr\/mairie\/wp-content\/uploads\/2019\/12\/tdr-1024x631.jpg 1024w, http:\/\/ville-outreau.fr\/mairie\/wp-content\/uploads\/2019\/12\/tdr-300x185.jpg 300w, http:\/\/ville-outreau.fr\/mairie\/wp-content\/uploads\/2019\/12\/tdr-768x473.jpg 768w, http:\/\/ville-outreau.fr\/mairie\/wp-content\/uploads\/2019\/12\/tdr.jpg 1134w\" sizes=\"(max-width: 1024px) 100vw, 1024px\" \/>\t\t\t\t\t\t\t\t\t\t\t\t\t\t\t<\/div>\n\t\t\t\t<\/div>\n\t\t\t\t\t<\/div>\n\t\t<\/div>\n\t\t\t\t\t\t\t<\/div>\n\t\t<\/section>\n\t\t\t\t<section class=\"elementor-section elementor-top-section elementor-element elementor-element-8be43d3 elementor-section-boxed elementor-section-height-default elementor-section-height-default\" data-id=\"8be43d3\" data-element_type=\"section\">\n\t\t\t\t\t\t<div class=\"elementor-container elementor-column-gap-default\">\n\t\t\t\t\t<div class=\"elementor-column elementor-col-50 elementor-top-column elementor-element elementor-element-5b5a71e\" data-id=\"5b5a71e\" data-element_type=\"column\">\n\t\t\t<div class=\"elementor-widget-wrap elementor-element-populated\">\n\t\t\t\t\t\t\t\t<div class=\"elementor-element elementor-element-076865f elementor-widget elementor-widget-text-editor\" data-id=\"076865f\" data-element_type=\"widget\" data-widget_type=\"text-editor.default\">\n\t\t\t\t<div class=\"elementor-widget-container\">\n\t\t\t\t\t\t\t<p style=\"text-align: center;\">F\u00eate \u00e0 la TDR, expo ancienne \u00e9cole mai 2019<\/p>\t\t\t\t\t\t<\/div>\n\t\t\t\t<\/div>\n\t\t\t\t\t<\/div>\n\t\t<\/div>\n\t\t\t\t<div class=\"elementor-column elementor-col-50 elementor-top-column elementor-element elementor-element-6694e01\" data-id=\"6694e01\" data-element_type=\"column\">\n\t\t\t<div class=\"elementor-widget-wrap elementor-element-populated\">\n\t\t\t\t\t\t\t\t<div class=\"elementor-element elementor-element-ae01c84 elementor-widget elementor-widget-text-editor\" data-id=\"ae01c84\" data-element_type=\"widget\" data-widget_type=\"text-editor.default\">\n\t\t\t\t<div class=\"elementor-widget-container\">\n\t\t\t\t\t\t\t<p style=\"text-align: center;\">F\u00eate \u00e0 la TDR, expo ancienne \u00e9cole mai 2019<\/p>\t\t\t\t\t\t<\/div>\n\t\t\t\t<\/div>\n\t\t\t\t\t<\/div>\n\t\t<\/div>\n\t\t\t\t\t\t\t<\/div>\n\t\t<\/section>\n\t\t\t\t<section class=\"elementor-section elementor-top-section elementor-element elementor-element-8a853ad elementor-section-boxed elementor-section-height-default elementor-section-height-default\" data-id=\"8a853ad\" data-element_type=\"section\">\n\t\t\t\t\t\t<div class=\"elementor-container elementor-column-gap-default\">\n\t\t\t\t\t<div class=\"elementor-column elementor-col-100 elementor-top-column elementor-element elementor-element-748c132\" data-id=\"748c132\" data-element_type=\"column\">\n\t\t\t<div class=\"elementor-widget-wrap elementor-element-populated\">\n\t\t\t\t\t\t\t\t<div class=\"elementor-element elementor-element-77c6494 elementor-widget elementor-widget-spacer\" data-id=\"77c6494\" data-element_type=\"widget\" data-widget_type=\"spacer.default\">\n\t\t\t\t<div class=\"elementor-widget-container\">\n\t\t\t\t\t<div class=\"elementor-spacer\">\n\t\t\t<div class=\"elementor-spacer-inner\"><\/div>\n\t\t<\/div>\n\t\t\t\t<\/div>\n\t\t\t\t<\/div>\n\t\t\t\t\t<\/div>\n\t\t<\/div>\n\t\t\t\t\t\t\t<\/div>\n\t\t<\/section>\n\t\t\t\t<section class=\"elementor-section elementor-top-section elementor-element elementor-element-3cf7e56 elementor-section-boxed elementor-section-height-default elementor-section-height-default\" data-id=\"3cf7e56\" data-element_type=\"section\">\n\t\t\t\t\t\t<div class=\"elementor-container elementor-column-gap-default\">\n\t\t\t\t\t<div class=\"elementor-column elementor-col-100 elementor-top-column elementor-element elementor-element-cd3beb8\" data-id=\"cd3beb8\" data-element_type=\"column\">\n\t\t\t<div class=\"elementor-widget-wrap elementor-element-populated\">\n\t\t\t\t\t\t\t\t<div class=\"elementor-element elementor-element-3e992b7 elementor-widget elementor-widget-heading\" data-id=\"3e992b7\" data-element_type=\"widget\" data-widget_type=\"heading.default\">\n\t\t\t\t<div class=\"elementor-widget-container\">\n\t\t\t<h2 class=\"elementor-heading-title elementor-size-large\">GRANDS CHANTIERS<\/h2>\t\t<\/div>\n\t\t\t\t<\/div>\n\t\t\t\t<div class=\"elementor-element elementor-element-429049b elementor-widget elementor-widget-text-editor\" data-id=\"429049b\" data-element_type=\"widget\" data-widget_type=\"text-editor.default\">\n\t\t\t\t<div class=\"elementor-widget-container\">\n\t\t\t\t\t\t\t<div class=\"elementor-element elementor-element-edit-mode elementor-element-9bd6327 elementor-element--toggle-edit-tools elementor-widget elementor-widget-heading\" data-id=\"9bd6327\" data-element_type=\"heading.default\" data-model-cid=\"c42\"><div class=\"elementor-element-overlay\">\u00a0<\/div><div class=\"elementor-widget-container\"><h1 class=\"elementor-heading-title elementor-size-default elementor-inline-editing\" data-elementor-setting-key=\"title\">Inscrivez-vous \u00e0 la Newsletter !<\/h1><\/div><\/div><div class=\"elementor-element elementor-element-edit-mode elementor-element-4bd6316 elementor-element--toggle-edit-tools elementor-widget elementor-widget-heading\" data-id=\"4bd6316\" data-element_type=\"heading.default\" data-model-cid=\"c45\"><div class=\"elementor-element-overlay\">\u00a0<\/div><div class=\"elementor-widget-container\"><h2 class=\"elementor-heading-title elementor-size-default elementor-inline-editing\" data-elementor-setting-key=\"title\">Le Quartier Tour du Renard se r\u00e9invente&#8230; Soyez les premiers inform\u00e9s !<\/h2><\/div><\/div><div class=\"elementor-element elementor-element-edit-mode elementor-element-c66a823 elementor-element--toggle-edit-tools elementor-widget elementor-widget-text-editor\" data-id=\"c66a823\" data-element_type=\"text-editor.default\" data-model-cid=\"c48\"><div class=\"elementor-element-overlay\">\u00a0<\/div><div class=\"elementor-widget-container\"><div class=\"elementor-text-editor elementor-clearfix elementor-inline-editing\" data-elementor-setting-key=\"editor\" data-elementor-inline-editing-toolbar=\"advanced\"><p><strong>Transformation de fond en combles, nouvelles voiries, maisons de ville, logements \u00e0 taille humaine, espaces verts conviviaux\u2026 \u00c7a y est, le grand chantier du renouveau d\u00e9marre ! D\u00e9but 2020, les premi\u00e8res barres d\u2019immeubles, inadapt\u00e9es et dat\u00e9es seront peu \u00e0 peu d\u00e9construites pour laisser place \u00e0 de nouveaux \u00eelots d\u2019habitation et de vie.Premier chantier t\u00e9moin : l\u2019ancienne \u00e9cole a d\u00e9j\u00e0 laiss\u00e9 la place pour la construction de 9 maisons. L\u2019occasion de se roder \u00e0 la bonne gestion des chantiers et de montrer \u00e0 quoi va ressembler l\u2019avenir du quartier.<\/strong><\/p><\/div><\/div><\/div>\t\t\t\t\t\t<\/div>\n\t\t\t\t<\/div>\n\t\t\t\t<div class=\"elementor-element elementor-element-0b1cbdc elementor-button-success elementor-widget elementor-widget-button\" data-id=\"0b1cbdc\" data-element_type=\"widget\" data-widget_type=\"button.default\">\n\t\t\t\t<div class=\"elementor-widget-container\">\n\t\t\t\t\t<div class=\"elementor-button-wrapper\">\n\t\t\t<a class=\"elementor-button elementor-button-link elementor-size-md\" href=\"https:\/\/docs.google.com\/forms\/d\/e\/1FAIpQLSd993xa1g_mGpOKnEaL-Uj2_TdzrginXJR3Yu2AUN7KOHQW3A\/viewform\">\n\t\t\t\t\t\t<span class=\"elementor-button-content-wrapper\">\n\t\t\t\t\t\t<span class=\"elementor-button-text\">Soyez les premiers inform\u00e9s du lancement et de l'avanc\u00e9e des chantiers, des r\u00e9unions et des temps festifs, en vous\u00a0inscrivant \u00e0 la lettre d'information. Cliquez ici<\/span>\n\t\t<\/span>\n\t\t\t\t\t<\/a>\n\t\t<\/div>\n\t\t\t\t<\/div>\n\t\t\t\t<\/div>\n\t\t\t\t<div class=\"elementor-element elementor-element-a692cde elementor-widget elementor-widget-text-editor\" data-id=\"a692cde\" data-element_type=\"widget\" data-widget_type=\"text-editor.default\">\n\t\t\t\t<div class=\"elementor-widget-container\">\n\t\t\t\t\t\t\t<div class=\"elementor-element elementor-element-edit-mode elementor-element-8c070ce elementor-element--toggle-edit-tools elementor-widget elementor-widget-text-editor\" data-id=\"8c070ce\" data-element_type=\"text-editor.default\" data-model-cid=\"c54\"><div class=\"elementor-widget-container\"><div class=\"elementor-text-editor elementor-clearfix elementor-inline-editing\" data-elementor-setting-key=\"editor\" data-elementor-inline-editing-toolbar=\"advanced\"><p><strong>Et, surtout, faites passer le lien ci-dessous \u00e0 vos r\u00e9seaux, amis, voisins, coll\u00e8gues\u2026<\/strong>\u00a0<\/p><p>Parce que le renouveau ne se fera pas sans vous.<\/p><p><a href=\"https:\/\/docs.google.com\/forms\/d\/e\/1FAIpQLSd993xa1g_mGpOKnEaL-Uj2_TdzrginXJR3Yu2AUN7KOHQW3A\/viewform\">https:\/\/docs.google.com\/forms\/d\/e\/1FAIpQLSd993xa1g_mGpOKnEaL-Uj2_TdzrginXJR3Yu2AUN7KOHQW3A\/viewform<\/a><\/p><\/div><\/div><\/div><div class=\"elementor-element elementor-element-edit-mode elementor-element-6b33fa8 elementor-element--toggle-edit-tools elementor-widget elementor-widget-spacer\" data-id=\"6b33fa8\" data-element_type=\"spacer.default\" data-model-cid=\"c57\"><div class=\"elementor-element-overlay\">\u00a0<\/div><\/div>\t\t\t\t\t\t<\/div>\n\t\t\t\t<\/div>\n\t\t\t\t\t<\/div>\n\t\t<\/div>\n\t\t\t\t\t\t\t<\/div>\n\t\t<\/section>\n\t\t\t\t\t\t\t<\/div>\n\t\t","protected":false},"excerpt":{"rendered":"<p>Le Quartier Tour du Renard se r\u00e9invente&#8230; Soyez les premiers inform\u00e9s : inscrivez-vous \u00e0 la newsletter !<\/p>\n","protected":false},"author":1,"featured_media":2257,"comment_status":"open","ping_status":"open","sticky":false,"template":"","format":"standard","meta":{"ocean_post_layout":"right-sidebar","ocean_both_sidebars_style":"","ocean_both_sidebars_content_width":0,"ocean_both_sidebars_sidebars_width":0,"ocean_sidebar":"sidebar","ocean_second_sidebar":"0","ocean_disable_margins":"enable","ocean_add_body_class":"","ocean_shortcode_before_top_bar":"","ocean_shortcode_after_top_bar":"","ocean_shortcode_before_header":"","ocean_shortcode_after_header":"","ocean_has_shortcode":"","ocean_shortcode_after_title":"","ocean_shortcode_before_footer_widgets":"","ocean_shortcode_after_footer_widgets":"","ocean_shortcode_before_footer_bottom":"","ocean_shortcode_after_footer_bottom":"","ocean_display_top_bar":"default","ocean_display_header":"default","ocean_header_style":"","ocean_center_header_left_menu":"0","ocean_custom_header_template":"0","ocean_custom_logo":0,"ocean_custom_retina_logo":0,"ocean_custom_logo_max_width":0,"ocean_custom_logo_tablet_max_width":0,"ocean_custom_logo_mobile_max_width":0,"ocean_custom_logo_max_height":0,"ocean_custom_logo_tablet_max_height":0,"ocean_custom_logo_mobile_max_height":0,"ocean_header_custom_menu":"0","ocean_menu_typo_font_family":"0","ocean_menu_typo_font_subset":"","ocean_menu_typo_font_size":0,"ocean_menu_typo_font_size_tablet":0,"ocean_menu_typo_font_size_mobile":0,"ocean_menu_typo_font_size_unit":"px","ocean_menu_typo_font_weight":"","ocean_menu_typo_font_weight_tablet":"","ocean_menu_typo_font_weight_mobile":"","ocean_menu_typo_transform":"","ocean_menu_typo_transform_tablet":"","ocean_menu_typo_transform_mobile":"","ocean_menu_typo_line_height":0,"ocean_menu_typo_line_height_tablet":0,"ocean_menu_typo_line_height_mobile":0,"ocean_menu_typo_line_height_unit":"","ocean_menu_typo_spacing":0,"ocean_menu_typo_spacing_tablet":0,"ocean_menu_typo_spacing_mobile":0,"ocean_menu_typo_spacing_unit":"","ocean_menu_link_color":"","ocean_menu_link_color_hover":"","ocean_menu_link_color_active":"","ocean_menu_link_background":"","ocean_menu_link_hover_background":"","ocean_menu_link_active_background":"","ocean_menu_social_links_bg":"","ocean_menu_social_hover_links_bg":"","ocean_menu_social_links_color":"","ocean_menu_social_hover_links_color":"","ocean_disable_title":"on","ocean_disable_heading":"default","ocean_post_title":"","ocean_post_subheading":"","ocean_post_title_style":"","ocean_post_title_background_color":"","ocean_post_title_background":0,"ocean_post_title_bg_image_position":"","ocean_post_title_bg_image_attachment":"","ocean_post_title_bg_image_repeat":"","ocean_post_title_bg_image_size":"","ocean_post_title_height":0,"ocean_post_title_bg_overlay":0.5,"ocean_post_title_bg_overlay_color":"","ocean_disable_breadcrumbs":"default","ocean_breadcrumbs_color":"","ocean_breadcrumbs_separator_color":"","ocean_breadcrumbs_links_color":"","ocean_breadcrumbs_links_hover_color":"","ocean_display_footer_widgets":"default","ocean_display_footer_bottom":"default","ocean_custom_footer_template":"0","ocean_post_oembed":"","ocean_post_self_hosted_media":"","ocean_post_video_embed":"","ocean_link_format":"","ocean_link_format_target":"self","ocean_quote_format":"","ocean_quote_format_link":"post","ocean_gallery_link_images":"off","ocean_gallery_id":[],"footnotes":""},"categories":[36],"tags":[],"class_list":["post-799","post","type-post","status-publish","format-standard","has-post-thumbnail","hentry","category-travaux","entry","has-media"],"_links":{"self":[{"href":"http:\/\/ville-outreau.fr\/mairie\/wp-json\/wp\/v2\/posts\/799","targetHints":{"allow":["GET"]}}],"collection":[{"href":"http:\/\/ville-outreau.fr\/mairie\/wp-json\/wp\/v2\/posts"}],"about":[{"href":"http:\/\/ville-outreau.fr\/mairie\/wp-json\/wp\/v2\/types\/post"}],"author":[{"embeddable":true,"href":"http:\/\/ville-outreau.fr\/mairie\/wp-json\/wp\/v2\/users\/1"}],"replies":[{"embeddable":true,"href":"http:\/\/ville-outreau.fr\/mairie\/wp-json\/wp\/v2\/comments?post=799"}],"version-history":[{"count":103,"href":"http:\/\/ville-outreau.fr\/mairie\/wp-json\/wp\/v2\/posts\/799\/revisions"}],"predecessor-version":[{"id":4071,"href":"http:\/\/ville-outreau.fr\/mairie\/wp-json\/wp\/v2\/posts\/799\/revisions\/4071"}],"wp:featuredmedia":[{"embeddable":true,"href":"http:\/\/ville-outreau.fr\/mairie\/wp-json\/wp\/v2\/media\/2257"}],"wp:attachment":[{"href":"http:\/\/ville-outreau.fr\/mairie\/wp-json\/wp\/v2\/media?parent=799"}],"wp:term":[{"taxonomy":"category","embeddable":true,"href":"http:\/\/ville-outreau.fr\/mairie\/wp-json\/wp\/v2\/categories?post=799"},{"taxonomy":"post_tag","embeddable":true,"href":"http:\/\/ville-outreau.fr\/mairie\/wp-json\/wp\/v2\/tags?post=799"}],"curies":[{"name":"wp","href":"https:\/\/api.w.org\/{rel}","templated":true}]}}